{"id":46,"date":"2018-11-19T17:50:13","date_gmt":"2018-11-19T16:50:13","guid":{"rendered":"https:\/\/www.judokwailausanne.ch\/gzt\/?p=46"},"modified":"2019-06-11T11:44:46","modified_gmt":"2019-06-11T09:44:46","slug":"edito","status":"publish","type":"post","link":"https:\/\/www.judokwailausanne.ch\/gzt\/?p=46","title":{"rendered":"Edito"},"content":{"rendered":"<p>Comme diraient les jeunes, cette seconde partie d\u2019ann\u00e9e \u00e7a d\u00e9chire !<\/p>\n<p>Limite, je suis presque soulag\u00e9 d\u2019en voir le bout, histoire de pouvoir respirer un peu durant les F\u00eates.<\/p>\n<p>Dans le d\u00e9sordre, une fin de campagne de qualification pour les championnats suisses individuels qui place des combattant(e)s du JKL dans 12 cat\u00e9gories d\u2019\u00e2ge et de poids, un record depuis 2004 (je n\u2019ai pas r\u00e9ussi \u00e0 remonter plus loin), 27 jeunes judoka(te)s qui nous offrent un super spectacle au tournoi cantonal d\u2019automne, Tatsuto Sensei qui fait 7\u00e8me au championnat du Japon, nos deux \u00e9quipes masculines \u00e9lites qui cartonnent, des cours d\u2019initiation lanc\u00e9s au Mont-sur-Lausanne, des nouveaux grad\u00e9s de ju jitsu et de judo (du 1er au 3\u00e8me Dan), de nouveaux moniteurs J+S \u00e0 Epalinges, une pr\u00e9sence remarqu\u00e9e \u00e0 la semaine olympique, une belle pr\u00e9sence \u00e9galement dans les m\u00e9dias locaux, une page FB qui d\u00e9passe les 700 suiveurs et&#8230; attendez, je respire&#8230; un tournoi de No\u00ebl qui se pr\u00e9pare, un tout nouveau cours 100% technique\/kata qui prend forme, le Club des 100 qui s\u2019active sur diff\u00e9rents beaux projets, la Gazette qui change de forme et j\u2019en passe.<\/p>\n<blockquote><p>Si toutes ces belles choses sont les v\u00f4tres, les n\u00f4tres, elles n\u2019auraient jamais vu le jour sans l\u2019implication extraordinaire de tous les parents et b\u00e9n\u00e9voles qui \u0153uvrent pour le JKL.<\/p><\/blockquote>\n<p>Mais oui ! Amener son enfant \u00e0 l\u2019entra\u00eenement, \u00e0 un stage, \u00e0 une comp\u00e9tition est un geste fort en faveur du Judo, du Ju Jitsu et du JKL. Merci.<br \/>\nDonner de son temps, de son \u00e9nergie au club en fonction de ses moyens, de sa disponibilit\u00e9 a une immense valeur, incalculable, car tous ces actes permettent au JKL de vivre et de proposer le meilleur \u00e0 l\u2019ensemble de ses membres, petits et grands.<\/p>\n<p>Un immense merci \u00e0 Toutes et Tous pour votre soutien et votre fid\u00e9lit\u00e9. Que l\u2019ann\u00e9e 2019 vous apporte sant\u00e9, bonheur et beaucoup de plaisir sur le tatami.<\/p>\n<p>David<\/p>\n","protected":false},"excerpt":{"rendered":"<p>Comme diraient les jeunes, cette seconde partie d\u2019ann\u00e9e \u00e7a d\u00e9chire ! Limite, je suis presque soulag\u00e9 d\u2019en voir le bout,<\/p>\n","protected":false},"author":6,"featured_media":27,"comment_status":"open","ping_status":"open","sticky":false,"template":"","format":"standard","meta":{"_exactmetrics_skip_tracking":false,"_exactmetrics_sitenote_active":false,"_exactmetrics_sitenote_note":"","_exactmetrics_sitenote_category":0,"footnotes":""},"categories":[4,19,20],"tags":[],"class_list":["post-46","post","type-post","status-publish","format-standard","has-post-thumbnail","hentry","category-4","category-edito-76","category-premiere-page-76"],"_links":{"self":[{"href":"https:\/\/www.judokwailausanne.ch\/gzt\/index.php?rest_route=\/wp\/v2\/posts\/46","targetHints":{"allow":["GET"]}}],"collection":[{"href":"https:\/\/www.judokwailausanne.ch\/gzt\/index.php?rest_route=\/wp\/v2\/posts"}],"about":[{"href":"https:\/\/www.judokwailausanne.ch\/gzt\/index.php?rest_route=\/wp\/v2\/types\/post"}],"author":[{"embeddable":true,"href":"https:\/\/www.judokwailausanne.ch\/gzt\/index.php?rest_route=\/wp\/v2\/users\/6"}],"replies":[{"embeddable":true,"href":"https:\/\/www.judokwailausanne.ch\/gzt\/index.php?rest_route=%2Fwp%2Fv2%2Fcomments&post=46"}],"version-history":[{"count":8,"href":"https:\/\/www.judokwailausanne.ch\/gzt\/index.php?rest_route=\/wp\/v2\/posts\/46\/revisions"}],"predecessor-version":[{"id":632,"href":"https:\/\/www.judokwailausanne.ch\/gzt\/index.php?rest_route=\/wp\/v2\/posts\/46\/revisions\/632"}],"wp:featuredmedia":[{"embeddable":true,"href":"https:\/\/www.judokwailausanne.ch\/gzt\/index.php?rest_route=\/wp\/v2\/media\/27"}],"wp:attachment":[{"href":"https:\/\/www.judokwailausanne.ch\/gzt\/index.php?rest_route=%2Fwp%2Fv2%2Fmedia&parent=46"}],"wp:term":[{"taxonomy":"category","embeddable":true,"href":"https:\/\/www.judokwailausanne.ch\/gzt\/index.php?rest_route=%2Fwp%2Fv2%2Fcategories&post=46"},{"taxonomy":"post_tag","embeddable":true,"href":"https:\/\/www.judokwailausanne.ch\/gzt\/index.php?rest_route=%2Fwp%2Fv2%2Ftags&post=46"}],"curies":[{"name":"wp","href":"https:\/\/api.w.org\/{rel}","templated":true}]}}