{"id":475,"date":"2018-07-23T17:18:23","date_gmt":"2018-07-23T15:18:23","guid":{"rendered":"https:\/\/www.judokwailausanne.ch\/gzt\/?p=475"},"modified":"2019-06-11T11:47:55","modified_gmt":"2019-06-11T09:47:55","slug":"tournoi-dete-2018","status":"publish","type":"post","link":"https:\/\/www.judokwailausanne.ch\/gzt\/?p=475","title":{"rendered":"Tournoi d&rsquo;\u00e9t\u00e9 2018"},"content":{"rendered":"<p>Le deuxi\u00e8me tournoi d&rsquo;\u00e9t\u00e9 qui s&rsquo;est d\u00e9roul\u00e9 le 1er juillet 2018 au Dojo de Mon-Repos, a \u00e9t\u00e9 un superbe cru.<br \/>\nMieux qu&rsquo;un article un r\u00e9sum\u00e9 en images:<\/p>\n<p><iframe loading=\"lazy\" src=\"https:\/\/player.vimeo.com\/video\/283546130?app_id=122963\" width=\"800\" height=\"450\" frameborder=\"0\" title=\"2&egrave;me tournoi d&#039;&eacute;t&eacute; du JKL\" allow=\"autoplay; fullscreen\" allowfullscreen><\/iframe><\/p>\n","protected":false},"excerpt":{"rendered":"<p>Le deuxi\u00e8me tournoi d&rsquo;\u00e9t\u00e9 qui s&rsquo;est d\u00e9roul\u00e9 le 1er juillet 2018 au Dojo de Mon-Repos, a \u00e9t\u00e9 un superbe cru.<\/p>\n","protected":false},"author":10,"featured_media":478,"comment_status":"open","ping_status":"open","sticky":false,"template":"","format":"standard","meta":{"_exactmetrics_skip_tracking":false,"_exactmetrics_sitenote_active":false,"_exactmetrics_sitenote_note":"","_exactmetrics_sitenote_category":0,"footnotes":""},"categories":[4,17],"tags":[],"class_list":["post-475","post","type-post","status-publish","format-standard","has-post-thumbnail","hentry","category-4","category-competition-76"],"_links":{"self":[{"href":"https:\/\/www.judokwailausanne.ch\/gzt\/index.php?rest_route=\/wp\/v2\/posts\/475","targetHints":{"allow":["GET"]}}],"collection":[{"href":"https:\/\/www.judokwailausanne.ch\/gzt\/index.php?rest_route=\/wp\/v2\/posts"}],"about":[{"href":"https:\/\/www.judokwailausanne.ch\/gzt\/index.php?rest_route=\/wp\/v2\/types\/post"}],"author":[{"embeddable":true,"href":"https:\/\/www.judokwailausanne.ch\/gzt\/index.php?rest_route=\/wp\/v2\/users\/10"}],"replies":[{"embeddable":true,"href":"https:\/\/www.judokwailausanne.ch\/gzt\/index.php?rest_route=%2Fwp%2Fv2%2Fcomments&post=475"}],"version-history":[{"count":4,"href":"https:\/\/www.judokwailausanne.ch\/gzt\/index.php?rest_route=\/wp\/v2\/posts\/475\/revisions"}],"predecessor-version":[{"id":642,"href":"https:\/\/www.judokwailausanne.ch\/gzt\/index.php?rest_route=\/wp\/v2\/posts\/475\/revisions\/642"}],"wp:featuredmedia":[{"embeddable":true,"href":"https:\/\/www.judokwailausanne.ch\/gzt\/index.php?rest_route=\/wp\/v2\/media\/478"}],"wp:attachment":[{"href":"https:\/\/www.judokwailausanne.ch\/gzt\/index.php?rest_route=%2Fwp%2Fv2%2Fmedia&parent=475"}],"wp:term":[{"taxonomy":"category","embeddable":true,"href":"https:\/\/www.judokwailausanne.ch\/gzt\/index.php?rest_route=%2Fwp%2Fv2%2Fcategories&post=475"},{"taxonomy":"post_tag","embeddable":true,"href":"https:\/\/www.judokwailausanne.ch\/gzt\/index.php?rest_route=%2Fwp%2Fv2%2Ftags&post=475"}],"curies":[{"name":"wp","href":"https:\/\/api.w.org\/{rel}","templated":true}]}}