{"id":728,"date":"2019-06-03T10:22:23","date_gmt":"2019-06-03T08:22:23","guid":{"rendered":"https:\/\/www.judokwailausanne.ch\/gzt\/?p=728"},"modified":"2019-12-03T16:16:27","modified_gmt":"2019-12-03T15:16:27","slug":"edito-2","status":"publish","type":"post","link":"https:\/\/www.judokwailausanne.ch\/gzt\/?p=728","title":{"rendered":"Edito"},"content":{"rendered":"<p>L\u2019\u00e9t\u00e9 approche \u00e0 grand pas, et avec lui un agenda bien charg\u00e9 pour le JKL. En effet, la p\u00e9riode estivale est cl\u00e9 pour la visibilit\u00e9 r\u00e9gionale du Club.<\/p>\n<p>Le JKL est partie prenante des beaux \u00e9v\u00e9nements sportifs organis\u00e9s par la ville de Lausanne et les communes avoisinantes. S\u2019investir dans les Panathlon Family Games, la semaine sportive du CSS (UNIL) et le Passeport Vacances demande du temps et de l\u2019implication mais offre une superbe vitrine au Judo et Jiu-Jitsu ainsi qu\u2019au JKL.<\/p>\n<p>Une nouvelle activit\u00e9 est venue s\u2019ajouter cette ann\u00e9e : la Nuit des Mus\u00e9es. Etonnant, non ? Judo, Jiu-Jitsu, Mus\u00e9es&#8230;quel lien ? Les JOJ de Lausanne 2020 collaborant avec la Nuit des Mus\u00e9es et le JKL portant les couleurs des JOJ, le lien est fait. Le JKL a lanc\u00e9 une communication via les r\u00e9seaux sociaux, sur son implication lors de cette belle journ\u00e9e qui associera culture et sport.<\/p>\n<blockquote><p>N\u2019h\u00e9sitez pas \u00e0 venir nous faire un petit coucou cet \u00e9t\u00e9 lors de l\u2019un ou l\u2019autre des \u00e9v\u00e9nements o\u00f9 votre Club pr\u00e9f\u00e9r\u00e9 sera pr\u00e9sent. Nous serons super contents de vous y rencontrer.<\/p><\/blockquote>\n<p>Finalement, si vous avez un peu de temps \u00e0 y consacrer, nous sommes toujours \u00e0 la recherche d\u2019un coup de main lors de ces \u00e9v\u00e9nements (annoncez-vous directement aupr\u00e8s de moi\u00a0: <a href=\"mailto:dsueur74@gmail.com\">dsueur74@gmail.com<\/a>)<\/p>\n<p><strong>David Sueur\u00a0<\/strong><\/p>\n<p>Pr\u00e9sident du JKL<\/p>\n<p>&nbsp;<\/p>\n<p><strong>L<\/strong><strong>\u2019Agenda des \u00e9v\u00e9nements de l<\/strong><strong>\u2019\u00e9t\u00e9<\/strong><\/p>\n<ul>\n<li>16 juin \u2013 Panathlon Family Games, Vidy, Lausanne<\/li>\n<li>30 juin \u2013 Tournoi d&rsquo;\u00e9t\u00e9 du JKL pour les enfants, suivi de l&rsquo;Open de Ne-Waza (ouvert \u00e0 tous)<\/li>\n<li>8-12 juillet \u2013 semaine sportive organis\u00e9e par le CSS de l\u2019UNIL<\/li>\n<li>8-21 juillet, 12-25 ao\u00fbt \u2013 Passeport Vacances<\/li>\n<li>31 ao\u00fbt \u00e0 midi &#8211; pic nic du JKL<\/li>\n<li>21 septembre \u2013 Nuit des Mus\u00e9es &#8211; le JKL y participe !<\/li>\n<\/ul>\n","protected":false},"excerpt":{"rendered":"<p>L\u2019\u00e9t\u00e9 approche \u00e0 grand pas, et avec lui un agenda bien charg\u00e9 pour le JKL. En effet, la p\u00e9riode estivale<\/p>\n","protected":false},"author":6,"featured_media":27,"comment_status":"open","ping_status":"open","sticky":false,"template":"","format":"standard","meta":{"_exactmetrics_skip_tracking":false,"_exactmetrics_sitenote_active":false,"_exactmetrics_sitenote_note":"","_exactmetrics_sitenote_category":0,"footnotes":""},"categories":[11,14,21],"tags":[],"class_list":["post-728","post","type-post","status-publish","format-standard","has-post-thumbnail","hentry","category-11","category-edito-77","category-premiere-page-77"],"_links":{"self":[{"href":"https:\/\/www.judokwailausanne.ch\/gzt\/index.php?rest_route=\/wp\/v2\/posts\/728","targetHints":{"allow":["GET"]}}],"collection":[{"href":"https:\/\/www.judokwailausanne.ch\/gzt\/index.php?rest_route=\/wp\/v2\/posts"}],"about":[{"href":"https:\/\/www.judokwailausanne.ch\/gzt\/index.php?rest_route=\/wp\/v2\/types\/post"}],"author":[{"embeddable":true,"href":"https:\/\/www.judokwailausanne.ch\/gzt\/index.php?rest_route=\/wp\/v2\/users\/6"}],"replies":[{"embeddable":true,"href":"https:\/\/www.judokwailausanne.ch\/gzt\/index.php?rest_route=%2Fwp%2Fv2%2Fcomments&post=728"}],"version-history":[{"count":8,"href":"https:\/\/www.judokwailausanne.ch\/gzt\/index.php?rest_route=\/wp\/v2\/posts\/728\/revisions"}],"predecessor-version":[{"id":818,"href":"https:\/\/www.judokwailausanne.ch\/gzt\/index.php?rest_route=\/wp\/v2\/posts\/728\/revisions\/818"}],"wp:featuredmedia":[{"embeddable":true,"href":"https:\/\/www.judokwailausanne.ch\/gzt\/index.php?rest_route=\/wp\/v2\/media\/27"}],"wp:attachment":[{"href":"https:\/\/www.judokwailausanne.ch\/gzt\/index.php?rest_route=%2Fwp%2Fv2%2Fmedia&parent=728"}],"wp:term":[{"taxonomy":"category","embeddable":true,"href":"https:\/\/www.judokwailausanne.ch\/gzt\/index.php?rest_route=%2Fwp%2Fv2%2Fcategories&post=728"},{"taxonomy":"post_tag","embeddable":true,"href":"https:\/\/www.judokwailausanne.ch\/gzt\/index.php?rest_route=%2Fwp%2Fv2%2Ftags&post=728"}],"curies":[{"name":"wp","href":"https:\/\/api.w.org\/{rel}","templated":true}]}}