{"id":748,"date":"2019-06-11T12:10:46","date_gmt":"2019-06-11T10:10:46","guid":{"rendered":"https:\/\/www.judokwailausanne.ch\/gzt\/?p=748"},"modified":"2019-12-03T16:20:58","modified_gmt":"2019-12-03T15:20:58","slug":"le-judo-kwai-lausanne-a-la-nuit-des-musees","status":"publish","type":"post","link":"https:\/\/www.judokwailausanne.ch\/gzt\/?p=748","title":{"rendered":"Le Judo Kwai Lausanne \u00e0 la Nuit des Mus\u00e9es"},"content":{"rendered":"<p><a href=\"http:\/\/www.lanuitdesmusees.ch\/\" target=\"_blank\" rel=\"noopener noreferrer\"><img loading=\"lazy\" decoding=\"async\" class=\"alignright wp-image-750 size-medium\" src=\"https:\/\/www.judokwailausanne.ch\/gzt\/wp-content\/uploads\/2019\/06\/nuitmus\u00e9es-211x300.jpg\" alt=\"\" width=\"211\" height=\"300\" srcset=\"https:\/\/www.judokwailausanne.ch\/gzt\/wp-content\/uploads\/2019\/06\/nuitmus\u00e9es-211x300.jpg 211w, https:\/\/www.judokwailausanne.ch\/gzt\/wp-content\/uploads\/2019\/06\/nuitmus\u00e9es.jpg 646w\" sizes=\"auto, (max-width: 211px) 100vw, 211px\" \/><\/a>Le JKL sera pr\u00e9sent au mus\u00e9e de l\u2019art brut le 21 septembre, de 15h \u00e0 18h pour proposer des initiations au judo et ju jitsu-self d\u00e9fense.<\/p>\n<p>Cet \u00e9v\u00e9nement culturel majeur du canton de Vaud accueille, chaque ann\u00e9e, pr\u00e8s de 15\u2019000 visiteurs, entre 14h et 2h du matin, d\u00e9ambulant dans les 25 mus\u00e9es participants. Plus de 110 activit\u00e9s sont \u00e9galement propos\u00e9es \u00e0 un public ravi de d\u00e9couvrir ou de red\u00e9couvrir les mus\u00e9es et leurs expositions sous un angle nouveau.<\/p>\n<p>Cette ann\u00e9e, la <a href=\"http:\/\/www.lanuitdesmusees.ch\/\" target=\"_blank\" rel=\"noopener noreferrer\">Nuit de Mus\u00e9es<\/a> lance le programme culturel qui accompagne les Jeux Olympiques de la Jeunesse (JOJ) 2020. D\u00e8s lors, le sport envahit les mus\u00e9es pour jeter des ponts entre ces deux mondes.<br \/>\nL\u2019id\u00e9e est que la communaut\u00e9 sportive vaudoise participe \u00e0 la programmation in\u00e9dite des mus\u00e9es pour cet \u00e9v\u00e9nement. Chaque mus\u00e9e est donc associ\u00e9 \u00e0 une discipline olympique personnifi\u00e9e par un club ou une \u00e9quipe vaudoise, en particulier les \u00e9quipes jeunes.<\/p>\n<p>Notre club de judo va accompagner la Collection de l\u2019Art Brut. Le cadre idyllique du Ch\u00e2teau de Beaulieu accueille la Collection de l\u2019Art Brut, donn\u00e9e par Jean Dubuffet en 1971. Premi\u00e8re collection d\u2019Art Brut au monde, elle a su tisser de solides liens avec les institutions parentes qui se consacrent \u00e0 cette forme d\u2019expression hors les normes, et d\u00e9velopper ainsi un r\u00e9seau permettant l\u2019\u00e9change, l\u2019\u00e9mulation et la collaboration.<\/p>\n<p><strong>Fran\u00e7ois Demont<\/strong><\/p>\n<p><img loading=\"lazy\" decoding=\"async\" class=\"aligncenter wp-image-749 size-full\" src=\"https:\/\/www.judokwailausanne.ch\/gzt\/wp-content\/uploads\/2019\/06\/12_JUDO-1024x717.jpg\" alt=\"\" width=\"1024\" height=\"717\" srcset=\"https:\/\/www.judokwailausanne.ch\/gzt\/wp-content\/uploads\/2019\/06\/12_JUDO-1024x717.jpg 1024w, https:\/\/www.judokwailausanne.ch\/gzt\/wp-content\/uploads\/2019\/06\/12_JUDO-1024x717-300x210.jpg 300w, https:\/\/www.judokwailausanne.ch\/gzt\/wp-content\/uploads\/2019\/06\/12_JUDO-1024x717-768x538.jpg 768w, https:\/\/www.judokwailausanne.ch\/gzt\/wp-content\/uploads\/2019\/06\/12_JUDO-1024x717-130x90.jpg 130w\" sizes=\"auto, (max-width: 1024px) 100vw, 1024px\" \/><\/p>\n","protected":false},"excerpt":{"rendered":"<p>Le JKL sera pr\u00e9sent au mus\u00e9e de l\u2019art brut le 21 septembre, de 15h \u00e0 18h pour proposer des initiations<\/p>\n","protected":false},"author":5,"featured_media":749,"comment_status":"open","ping_status":"open","sticky":false,"template":"","format":"standard","meta":{"_exactmetrics_skip_tracking":false,"_exactmetrics_sitenote_active":false,"_exactmetrics_sitenote_note":"","_exactmetrics_sitenote_category":0,"footnotes":""},"categories":[11,12],"tags":[],"class_list":["post-748","post","type-post","status-publish","format-standard","has-post-thumbnail","hentry","category-11","category-vie-du-club-77"],"_links":{"self":[{"href":"https:\/\/www.judokwailausanne.ch\/gzt\/index.php?rest_route=\/wp\/v2\/posts\/748","targetHints":{"allow":["GET"]}}],"collection":[{"href":"https:\/\/www.judokwailausanne.ch\/gzt\/index.php?rest_route=\/wp\/v2\/posts"}],"about":[{"href":"https:\/\/www.judokwailausanne.ch\/gzt\/index.php?rest_route=\/wp\/v2\/types\/post"}],"author":[{"embeddable":true,"href":"https:\/\/www.judokwailausanne.ch\/gzt\/index.php?rest_route=\/wp\/v2\/users\/5"}],"replies":[{"embeddable":true,"href":"https:\/\/www.judokwailausanne.ch\/gzt\/index.php?rest_route=%2Fwp%2Fv2%2Fcomments&post=748"}],"version-history":[{"count":3,"href":"https:\/\/www.judokwailausanne.ch\/gzt\/index.php?rest_route=\/wp\/v2\/posts\/748\/revisions"}],"predecessor-version":[{"id":769,"href":"https:\/\/www.judokwailausanne.ch\/gzt\/index.php?rest_route=\/wp\/v2\/posts\/748\/revisions\/769"}],"wp:featuredmedia":[{"embeddable":true,"href":"https:\/\/www.judokwailausanne.ch\/gzt\/index.php?rest_route=\/wp\/v2\/media\/749"}],"wp:attachment":[{"href":"https:\/\/www.judokwailausanne.ch\/gzt\/index.php?rest_route=%2Fwp%2Fv2%2Fmedia&parent=748"}],"wp:term":[{"taxonomy":"category","embeddable":true,"href":"https:\/\/www.judokwailausanne.ch\/gzt\/index.php?rest_route=%2Fwp%2Fv2%2Fcategories&post=748"},{"taxonomy":"post_tag","embeddable":true,"href":"https:\/\/www.judokwailausanne.ch\/gzt\/index.php?rest_route=%2Fwp%2Fv2%2Ftags&post=748"}],"curies":[{"name":"wp","href":"https:\/\/api.w.org\/{rel}","templated":true}]}}