{"id":10000,"date":"2019-01-05T11:42:36","date_gmt":"2019-01-05T10:42:36","guid":{"rendered":"https:\/\/www.judokwailausanne.ch\/?p=10000"},"modified":"2019-01-05T12:19:10","modified_gmt":"2019-01-05T11:19:10","slug":"nouveau-cours-technique-judo","status":"publish","type":"post","link":"https:\/\/www.judokwailausanne.ch\/?p=10000","title":{"rendered":"Nouveau cours technique Judo"},"content":{"rendered":"<p>Le JKL propose un nouveau cours technique les mardis d\u00e8s 20:45.<\/p>\n<p><!--more-->Le cours sera donn\u00e9 par Bruno Herbin (4\u00e8me Dan Judo et Ju-Jitsu) et destin\u00e9 aux jeunes et adultes qui s&rsquo;int\u00e9ressent \u00e0 l&rsquo;histoire, la culture du Judo en se basant sur des \u00e9l\u00e9ments techniques et le Katas du Judo.<\/p>\n<p><a href=\"https:\/\/www.judokwailausanne.ch\/cmsv3\/wp-content\/uploads\/2019\/01\/coursMardis20h45.jpg\" target=\"_blank\" rel=\"noopener\"><img fetchpriority=\"high\" fetchpriority=\"high\" decoding=\"async\" class=\"aligncenter wp-image-10002 size-medium\" src=\"https:\/\/www.judokwailausanne.ch\/cmsv3\/wp-content\/uploads\/2019\/01\/coursMardis20h45-224x300.jpg\" alt=\"\" width=\"224\" height=\"300\" srcset=\"https:\/\/www.judokwailausanne.ch\/cmsv3\/wp-content\/uploads\/2019\/01\/coursMardis20h45-224x300.jpg 224w, https:\/\/www.judokwailausanne.ch\/cmsv3\/wp-content\/uploads\/2019\/01\/coursMardis20h45.jpg 716w\" sizes=\"(max-width: 224px) 100vw, 224px\" \/><\/a><\/p>\n","protected":false},"excerpt":{"rendered":"<p>Le JKL propose un nouveau cours technique les mardis d\u00e8s 20:45.<\/p>\n","protected":false},"author":3,"featured_media":10002,"comment_status":"open","ping_status":"open","sticky":false,"template":"","format":"standard","meta":{"_et_pb_use_builder":"","_et_pb_old_content":"","_et_gb_content_width":"","footnotes":""},"categories":[32,48,67],"tags":[],"class_list":["post-10000","post","type-post","status-publish","format-standard","has-post-thumbnail","hentry","category-horaires","category-judo","category-walldisplay"],"_links":{"self":[{"href":"https:\/\/www.judokwailausanne.ch\/index.php?rest_route=\/wp\/v2\/posts\/10000","targetHints":{"allow":["GET"]}}],"collection":[{"href":"https:\/\/www.judokwailausanne.ch\/index.php?rest_route=\/wp\/v2\/posts"}],"about":[{"href":"https:\/\/www.judokwailausanne.ch\/index.php?rest_route=\/wp\/v2\/types\/post"}],"author":[{"embeddable":true,"href":"https:\/\/www.judokwailausanne.ch\/index.php?rest_route=\/wp\/v2\/users\/3"}],"replies":[{"embeddable":true,"href":"https:\/\/www.judokwailausanne.ch\/index.php?rest_route=%2Fwp%2Fv2%2Fcomments&post=10000"}],"version-history":[{"count":3,"href":"https:\/\/www.judokwailausanne.ch\/index.php?rest_route=\/wp\/v2\/posts\/10000\/revisions"}],"predecessor-version":[{"id":10020,"href":"https:\/\/www.judokwailausanne.ch\/index.php?rest_route=\/wp\/v2\/posts\/10000\/revisions\/10020"}],"wp:featuredmedia":[{"embeddable":true,"href":"https:\/\/www.judokwailausanne.ch\/index.php?rest_route=\/wp\/v2\/media\/10002"}],"wp:attachment":[{"href":"https:\/\/www.judokwailausanne.ch\/index.php?rest_route=%2Fwp%2Fv2%2Fmedia&parent=10000"}],"wp:term":[{"taxonomy":"category","embeddable":true,"href":"https:\/\/www.judokwailausanne.ch\/index.php?rest_route=%2Fwp%2Fv2%2Fcategories&post=10000"},{"taxonomy":"post_tag","embeddable":true,"href":"https:\/\/www.judokwailausanne.ch\/index.php?rest_route=%2Fwp%2Fv2%2Ftags&post=10000"}],"curies":[{"name":"wp","href":"https:\/\/api.w.org\/{rel}","templated":true}]}}