{"id":10254,"date":"2019-03-22T18:18:01","date_gmt":"2019-03-22T17:18:01","guid":{"rendered":"https:\/\/www.judokwailausanne.ch\/?p=10254"},"modified":"2019-04-01T14:41:57","modified_gmt":"2019-04-01T12:41:57","slug":"premieres-ceintures-jaunes-au-mont-sur-lausanne","status":"publish","type":"post","link":"https:\/\/www.judokwailausanne.ch\/?p=10254","title":{"rendered":"Premi\u00e8res ceintures jaunes au Mont-sur-Lausanne"},"content":{"rendered":"<p><a href=\"https:\/\/www.judokwailausanne.ch\/cmsv3\/wp-content\/uploads\/2019\/03\/IMG-20190320-WA0003.jpg\" target=\"_blank\" rel=\"noopener\"><img fetchpriority=\"high\" fetchpriority=\"high\" decoding=\"async\" class=\"aligncenter wp-image-10253\" src=\"https:\/\/www.judokwailausanne.ch\/cmsv3\/wp-content\/uploads\/2019\/03\/IMG-20190320-WA0003-300x225.jpg\" alt=\"\" width=\"330\" height=\"248\" srcset=\"https:\/\/www.judokwailausanne.ch\/cmsv3\/wp-content\/uploads\/2019\/03\/IMG-20190320-WA0003-300x225.jpg 300w, https:\/\/www.judokwailausanne.ch\/cmsv3\/wp-content\/uploads\/2019\/03\/IMG-20190320-WA0003-768x576.jpg 768w, https:\/\/www.judokwailausanne.ch\/cmsv3\/wp-content\/uploads\/2019\/03\/IMG-20190320-WA0003-1024x768.jpg 1024w, https:\/\/www.judokwailausanne.ch\/cmsv3\/wp-content\/uploads\/2019\/03\/IMG-20190320-WA0003-1320x990.jpg 1320w, https:\/\/www.judokwailausanne.ch\/cmsv3\/wp-content\/uploads\/2019\/03\/IMG-20190320-WA0003.jpg 1600w\" sizes=\"(max-width: 330px) 100vw, 330px\" \/><\/a><\/p>\n<p>&nbsp;<\/p>\n<p style=\"text-align: center;\">Alors l\u00e0 \u00e7a ne rigole plus! Les jeunes Montains sont dans la place!<\/p>\n<p style=\"text-align: center;\"><span style=\"color: #ff0000;\"><strong>Un immense BRAVO aux premi\u00e8res ceintures jaunes de judo du Mont-sur-Lausanne<\/strong><\/span><\/p>\n<p>Les premiers cours d&rsquo;initiation propos\u00e9s par le<strong> Judo Kwai Lausanne<\/strong>, sous la houlette de Ken Katanishi, se sont termin\u00e9s avec le passage de l&rsquo;examen pour la ceinture jaune. Examen r\u00e9ussi haut la main par nos jeunes judokas assidus. Vivement le prochain chapitre.<\/p>\n<p>Un grand merci \u00e0 l&rsquo;\u00e9tablissement de la Paix du Soir pour son accueil et gentillesse depuis le d\u00e9but de cette aventure.<\/p>\n<p>&nbsp;<\/p>\n<p><img decoding=\"async\" class=\"wp-image-10256 aligncenter\" src=\"https:\/\/www.judokwailausanne.ch\/cmsv3\/wp-content\/uploads\/2019\/03\/Capture-d\u2019\u00e9cran-2019-03-22-\u00e0-18.17.07-300x120.jpg\" alt=\"\" width=\"150\" height=\"60\" srcset=\"https:\/\/www.judokwailausanne.ch\/cmsv3\/wp-content\/uploads\/2019\/03\/Capture-d\u2019\u00e9cran-2019-03-22-\u00e0-18.17.07-300x120.jpg 300w, https:\/\/www.judokwailausanne.ch\/cmsv3\/wp-content\/uploads\/2019\/03\/Capture-d\u2019\u00e9cran-2019-03-22-\u00e0-18.17.07-768x307.jpg 768w, https:\/\/www.judokwailausanne.ch\/cmsv3\/wp-content\/uploads\/2019\/03\/Capture-d\u2019\u00e9cran-2019-03-22-\u00e0-18.17.07-1024x410.jpg 1024w, https:\/\/www.judokwailausanne.ch\/cmsv3\/wp-content\/uploads\/2019\/03\/Capture-d\u2019\u00e9cran-2019-03-22-\u00e0-18.17.07-1320x528.jpg 1320w, https:\/\/www.judokwailausanne.ch\/cmsv3\/wp-content\/uploads\/2019\/03\/Capture-d\u2019\u00e9cran-2019-03-22-\u00e0-18.17.07.jpg 1519w\" sizes=\"(max-width: 150px) 100vw, 150px\" \/><\/p>\n<p>&nbsp;<\/p>\n<p>&nbsp;<\/p>\n","protected":false},"excerpt":{"rendered":"<p>&nbsp; Alors l\u00e0 \u00e7a ne rigole plus! Les jeunes Montains sont dans la place! Un immense BRAVO aux premi\u00e8res ceintures jaunes de judo du Mont-sur-Lausanne Les premiers cours d&rsquo;initiation propos\u00e9s par le Judo Kwai Lausanne, sous la houlette de Ken Katanishi, se sont termin\u00e9s avec le passage de l&rsquo;examen pour la ceinture jaune. Examen r\u00e9ussi [&hellip;]<\/p>\n","protected":false},"author":6,"featured_media":10253,"comment_status":"open","ping_status":"open","sticky":false,"template":"","format":"standard","meta":{"_et_pb_use_builder":"","_et_pb_old_content":"","_et_gb_content_width":"","footnotes":""},"categories":[19,54,48],"tags":[],"class_list":["post-10254","post","type-post","status-publish","format-standard","has-post-thumbnail","hentry","category-examens","category-initiations","category-judo"],"_links":{"self":[{"href":"https:\/\/www.judokwailausanne.ch\/index.php?rest_route=\/wp\/v2\/posts\/10254","targetHints":{"allow":["GET"]}}],"collection":[{"href":"https:\/\/www.judokwailausanne.ch\/index.php?rest_route=\/wp\/v2\/posts"}],"about":[{"href":"https:\/\/www.judokwailausanne.ch\/index.php?rest_route=\/wp\/v2\/types\/post"}],"author":[{"embeddable":true,"href":"https:\/\/www.judokwailausanne.ch\/index.php?rest_route=\/wp\/v2\/users\/6"}],"replies":[{"embeddable":true,"href":"https:\/\/www.judokwailausanne.ch\/index.php?rest_route=%2Fwp%2Fv2%2Fcomments&post=10254"}],"version-history":[{"count":5,"href":"https:\/\/www.judokwailausanne.ch\/index.php?rest_route=\/wp\/v2\/posts\/10254\/revisions"}],"predecessor-version":[{"id":10299,"href":"https:\/\/www.judokwailausanne.ch\/index.php?rest_route=\/wp\/v2\/posts\/10254\/revisions\/10299"}],"wp:featuredmedia":[{"embeddable":true,"href":"https:\/\/www.judokwailausanne.ch\/index.php?rest_route=\/wp\/v2\/media\/10253"}],"wp:attachment":[{"href":"https:\/\/www.judokwailausanne.ch\/index.php?rest_route=%2Fwp%2Fv2%2Fmedia&parent=10254"}],"wp:term":[{"taxonomy":"category","embeddable":true,"href":"https:\/\/www.judokwailausanne.ch\/index.php?rest_route=%2Fwp%2Fv2%2Fcategories&post=10254"},{"taxonomy":"post_tag","embeddable":true,"href":"https:\/\/www.judokwailausanne.ch\/index.php?rest_route=%2Fwp%2Fv2%2Ftags&post=10254"}],"curies":[{"name":"wp","href":"https:\/\/api.w.org\/{rel}","templated":true}]}}