{"id":10768,"date":"2019-09-18T20:19:18","date_gmt":"2019-09-18T18:19:18","guid":{"rendered":"https:\/\/www.judokwailausanne.ch\/?p=10768"},"modified":"2019-09-18T21:57:41","modified_gmt":"2019-09-18T19:57:41","slug":"le-jkl-a-la-nuit-des-musees-de-lausanne-et-pully","status":"publish","type":"post","link":"https:\/\/www.judokwailausanne.ch\/?p=10768","title":{"rendered":"Le JKL \u00e0 la Nuit des mus\u00e9es de Lausanne et Pully"},"content":{"rendered":"<p>Le JKL sera pr\u00e9sent au mus\u00e9e de l&rsquo;art brut le 21 septembre, de 15h \u00e0 18h pour proposer des initiations au judo et ju jitsu-self d\u00e9fense.<\/p>\r\n<p>Cet \u00e9v\u00e9nement culturel majeure du canton de Vaud accueille, chaque ann\u00e9e, pr\u00e8s de 15\u2019000 visiteurs, entre 14h et 2h du matin, d\u00e9ambulant dans les 25 mus\u00e9es participants. Plus de 110 activit\u00e9s sont \u00e9galement propos\u00e9es \u00e0 un public ravi de d\u00e9couvrir ou de red\u00e9couvrir les mus\u00e9es et leurs expositions sous un angle nouveau.<\/p>\r\n<p>Cette ann\u00e9e, la <a href=\"http:\/\/www.lanuitdesmusees.ch\/\" target=\"_blank\" rel=\"noopener noreferrer\">Nuit des Mus\u00e9es<\/a> lance le programme culturel qui accompagne les Jeux Olympiques de la Jeunesse (JOJ) 2020. D\u00e8s lors, le sport envahit les mus\u00e9es pour jeter des ponts entre ces deux mondes.<br \/>L&rsquo;id\u00e9e est que la communaut\u00e9 sportive vaudoise participe \u00e0 la programmation in\u00e9dite des mus\u00e9es pour cet \u00e9v\u00e9nement. Chaque mus\u00e9e est donc associ\u00e9 \u00e0 une discipline olympique personnifi\u00e9 par un club ou une \u00e9quipe vaudoise, <u>en particulier les \u00e9quipes jeunes<\/u>.<\/p>\r\n<p>Notre club de judo va accompagner la <a href=\"https:\/\/www.artbrut.ch\/\" target=\"_blank\" rel=\"noopener noreferrer\" data-wplink-edit=\"true\">Collection de l\u2019Art Brut<\/a>. Le cadre idyllique du Ch\u00e2teau de Beaulieu accueille la Collection de l\u2019Art Brut, donn\u00e9e par Jean Dubuffet en 1971. Premi\u00e8re collection d\u2019Art Brut au monde, elle a su tisser de solides liens avec les institutions parentes qui se consacrent \u00e0 cette forme d\u2019expression hors les normes, et d\u00e9velopper ainsi, un r\u00e9seau permettant l\u2019\u00e9change, l\u2019\u00e9mulation et la collaboration. <a href=\"https:\/\/www.judokwailausanne.ch\/cmsv3\/wp-content\/uploads\/2019\/06\/12_JUDO.jpg\" target=\"_blank\" rel=\"noopener noreferrer\"><img fetchpriority=\"high\" fetchpriority=\"high\" decoding=\"async\" class=\"alignnone wp-image-10770 size-large\" src=\"https:\/\/www.judokwailausanne.ch\/cmsv3\/wp-content\/uploads\/2019\/06\/12_JUDO-1024x717.jpg\" alt=\"\" width=\"800\" height=\"560\" srcset=\"https:\/\/www.judokwailausanne.ch\/cmsv3\/wp-content\/uploads\/2019\/06\/12_JUDO-1024x717.jpg 1024w, https:\/\/www.judokwailausanne.ch\/cmsv3\/wp-content\/uploads\/2019\/06\/12_JUDO-300x210.jpg 300w, https:\/\/www.judokwailausanne.ch\/cmsv3\/wp-content\/uploads\/2019\/06\/12_JUDO-768x538.jpg 768w, https:\/\/www.judokwailausanne.ch\/cmsv3\/wp-content\/uploads\/2019\/06\/12_JUDO-1320x924.jpg 1320w\" sizes=\"(max-width: 800px) 100vw, 800px\" \/><\/a><\/p>\r\n\r\n\r\n<figure class=\"wp-block-image\"><img decoding=\"async\" width=\"646\" height=\"920\" src=\"https:\/\/www.judokwailausanne.ch\/cmsv3\/wp-content\/uploads\/2019\/06\/nuitmuse\u0301es.jpg\" alt=\"\" class=\"wp-image-10773\" srcset=\"https:\/\/www.judokwailausanne.ch\/cmsv3\/wp-content\/uploads\/2019\/06\/nuitmuse\u0301es.jpg 646w, https:\/\/www.judokwailausanne.ch\/cmsv3\/wp-content\/uploads\/2019\/06\/nuitmuse\u0301es-211x300.jpg 211w\" sizes=\"(max-width: 646px) 100vw, 646px\" \/><\/figure>\r\n","protected":false},"excerpt":{"rendered":"<p>Le JKL sera pr\u00e9sent au mus\u00e9e de l&rsquo;art brut le 21 septembre, de 15h \u00e0 18h pour proposer des initiations au judo et ju jitsu-self d\u00e9fense. Cet \u00e9v\u00e9nement culturel majeure du canton de Vaud accueille, chaque ann\u00e9e, pr\u00e8s de 15\u2019000 visiteurs, entre 14h et 2h du matin, d\u00e9ambulant dans les 25 mus\u00e9es participants. Plus de [&hellip;]<\/p>\n","protected":false},"author":10,"featured_media":10770,"comment_status":"open","ping_status":"open","sticky":false,"template":"","format":"standard","meta":{"_et_pb_use_builder":"","_et_pb_old_content":"","_et_gb_content_width":"","footnotes":""},"categories":[35,54,33,48,55],"tags":[],"class_list":["post-10768","post","type-post","status-publish","format-standard","has-post-thumbnail","hentry","category-cours-differents","category-initiations","category-ju-jitsu","category-judo","category-vie-du-jkl"],"_links":{"self":[{"href":"https:\/\/www.judokwailausanne.ch\/index.php?rest_route=\/wp\/v2\/posts\/10768","targetHints":{"allow":["GET"]}}],"collection":[{"href":"https:\/\/www.judokwailausanne.ch\/index.php?rest_route=\/wp\/v2\/posts"}],"about":[{"href":"https:\/\/www.judokwailausanne.ch\/index.php?rest_route=\/wp\/v2\/types\/post"}],"author":[{"embeddable":true,"href":"https:\/\/www.judokwailausanne.ch\/index.php?rest_route=\/wp\/v2\/users\/10"}],"replies":[{"embeddable":true,"href":"https:\/\/www.judokwailausanne.ch\/index.php?rest_route=%2Fwp%2Fv2%2Fcomments&post=10768"}],"version-history":[{"count":5,"href":"https:\/\/www.judokwailausanne.ch\/index.php?rest_route=\/wp\/v2\/posts\/10768\/revisions"}],"predecessor-version":[{"id":10787,"href":"https:\/\/www.judokwailausanne.ch\/index.php?rest_route=\/wp\/v2\/posts\/10768\/revisions\/10787"}],"wp:featuredmedia":[{"embeddable":true,"href":"https:\/\/www.judokwailausanne.ch\/index.php?rest_route=\/wp\/v2\/media\/10770"}],"wp:attachment":[{"href":"https:\/\/www.judokwailausanne.ch\/index.php?rest_route=%2Fwp%2Fv2%2Fmedia&parent=10768"}],"wp:term":[{"taxonomy":"category","embeddable":true,"href":"https:\/\/www.judokwailausanne.ch\/index.php?rest_route=%2Fwp%2Fv2%2Fcategories&post=10768"},{"taxonomy":"post_tag","embeddable":true,"href":"https:\/\/www.judokwailausanne.ch\/index.php?rest_route=%2Fwp%2Fv2%2Ftags&post=10768"}],"curies":[{"name":"wp","href":"https:\/\/api.w.org\/{rel}","templated":true}]}}