{"id":10914,"date":"2019-06-17T22:43:47","date_gmt":"2019-06-17T20:43:47","guid":{"rendered":"https:\/\/www.judokwailausanne.ch\/?p=10914"},"modified":"2019-06-17T22:43:47","modified_gmt":"2019-06-17T20:43:47","slug":"le-jkl-au-panathlon-family-games","status":"publish","type":"post","link":"https:\/\/www.judokwailausanne.ch\/?p=10914","title":{"rendered":"Le JKL au Panathlon Family Games"},"content":{"rendered":"<p>Comme chaque ann\u00e9e, le Judo Kwai Lausanne a particip\u00e9 au Panathlon Family Games<br \/>\n<a href=\"https:\/\/www.family-games.ch\/?fbclid=IwAR1gIzAuKlc6pQWELK87KxcOMtG0btffanXwgMG9tbDWTrAqZjlGVA283vg\" target=\"_blank\" rel=\"nofollow noopener noreferrer\" data-lynx-mode=\"asynclazy\" data-lynx-uri=\"https:\/\/l.facebook.com\/l.php?u=https%3A%2F%2Fwww.family-games.ch%2F%3Ffbclid%3DIwAR1gIzAuKlc6pQWELK87KxcOMtG0btffanXwgMG9tbDWTrAqZjlGVA283vg&amp;h=AT2MBaj8VUnQSeRNIre-w6Hz-cudpha6LoMR4lGOEUBKxs_tZTGn6SaRM9P6EZdKyiixGDBnCJyNT3nGIQah7h-dBdfuRIvC_rRYb7TxvYvhfDm_-tl5Ox5zCMZew3U0-up4XmRMOlJlVcer_nDorrHCmo_d\">https:\/\/<wbr \/>www.family-games.ch\/<\/a><\/p>\n<p>&nbsp;<\/p>\n<div>Ci-dessous 4 photos en plus de celle avec la mascotte Lausanne 2020.<\/div>\n<div><\/div>\n<div>La 1\u00e8re: 7h du matin, mise en place des tentes, des tatamis et des tables.<\/div>\n<div><\/div>\n<div>La 2\u00e8me: le stand du JKL \u00e0 c\u00f4t\u00e9 de celui de nos amis du V\u00f4 Vietnam, des gens super sympas (c&rsquo;est la 3\u00e8me ann\u00e9e que l&rsquo;on se partage le tatami). On voit les deux b\u00e9n\u00e9voles de l&rsquo;organisation qui s&rsquo;occupaient du JKL (sous le parasol). On y reconna\u00eet Noa \u00e0 droite (judokate au JKL!)<\/div>\n<div><\/div>\n<div>3\u00e8me: photo d&rsquo;un cours d&rsquo;initation donn\u00e9 par Ir\u00e8ne et Antoine. Etonnamment, les enfants et les parents ne bougent pas lorsque Ir\u00e8ne parle :-):-)<\/div>\n<div><\/div>\n<div>4\u00e8me: sans commentaire&#8230;.mais alors quel temps et quelle vue!!<\/div>\n<div><\/div>\n<div>Un immense merci \u00e0 Ir\u00e8ne et Antoine pour l&rsquo;animation des 8 cours de 30min (on alternait avec le V\u00f4 Vietnam).<\/div>\n<div><\/div>\n<div>Et un gros bisous \u00e0 Arnaud &amp; family et \u00e0 Bruno &amp; family qui sont pass\u00e9s faire un petit coucou.<\/div>\n<div><img fetchpriority=\"high\" fetchpriority=\"high\" decoding=\"async\" class=\"alignnone size-full wp-image-10915\" src=\"https:\/\/www.judokwailausanne.ch\/cmsv3\/wp-content\/uploads\/2019\/06\/64731947_2333642823570702_6206617734340411392_n.jpg\" alt=\"\" width=\"540\" height=\"960\" srcset=\"https:\/\/www.judokwailausanne.ch\/cmsv3\/wp-content\/uploads\/2019\/06\/64731947_2333642823570702_6206617734340411392_n.jpg 540w, https:\/\/www.judokwailausanne.ch\/cmsv3\/wp-content\/uploads\/2019\/06\/64731947_2333642823570702_6206617734340411392_n-169x300.jpg 169w\" sizes=\"(max-width: 540px) 100vw, 540px\" \/> <img decoding=\"async\" class=\"alignnone size-full wp-image-10916\" src=\"https:\/\/www.judokwailausanne.ch\/cmsv3\/wp-content\/uploads\/2019\/06\/20190616_075444.jpg\" alt=\"\" width=\"4032\" height=\"1960\" srcset=\"https:\/\/www.judokwailausanne.ch\/cmsv3\/wp-content\/uploads\/2019\/06\/20190616_075444.jpg 4032w, https:\/\/www.judokwailausanne.ch\/cmsv3\/wp-content\/uploads\/2019\/06\/20190616_075444-300x146.jpg 300w, https:\/\/www.judokwailausanne.ch\/cmsv3\/wp-content\/uploads\/2019\/06\/20190616_075444-768x373.jpg 768w, https:\/\/www.judokwailausanne.ch\/cmsv3\/wp-content\/uploads\/2019\/06\/20190616_075444-1024x498.jpg 1024w, https:\/\/www.judokwailausanne.ch\/cmsv3\/wp-content\/uploads\/2019\/06\/20190616_075444-1320x642.jpg 1320w\" sizes=\"(max-width: 4032px) 100vw, 4032px\" \/> <img decoding=\"async\" class=\"alignnone size-full wp-image-10917\" src=\"https:\/\/www.judokwailausanne.ch\/cmsv3\/wp-content\/uploads\/2019\/06\/20190616_125618.jpg\" alt=\"\" width=\"4032\" height=\"1960\" srcset=\"https:\/\/www.judokwailausanne.ch\/cmsv3\/wp-content\/uploads\/2019\/06\/20190616_125618.jpg 4032w, https:\/\/www.judokwailausanne.ch\/cmsv3\/wp-content\/uploads\/2019\/06\/20190616_125618-300x146.jpg 300w, https:\/\/www.judokwailausanne.ch\/cmsv3\/wp-content\/uploads\/2019\/06\/20190616_125618-768x373.jpg 768w, https:\/\/www.judokwailausanne.ch\/cmsv3\/wp-content\/uploads\/2019\/06\/20190616_125618-1024x498.jpg 1024w, https:\/\/www.judokwailausanne.ch\/cmsv3\/wp-content\/uploads\/2019\/06\/20190616_125618-1320x642.jpg 1320w\" sizes=\"(max-width: 4032px) 100vw, 4032px\" \/> <img loading=\"lazy\" loading=\"lazy\" decoding=\"async\" class=\"alignnone size-full wp-image-10918\" src=\"https:\/\/www.judokwailausanne.ch\/cmsv3\/wp-content\/uploads\/2019\/06\/20190616_160246.jpg\" alt=\"\" width=\"4032\" height=\"1960\" srcset=\"https:\/\/www.judokwailausanne.ch\/cmsv3\/wp-content\/uploads\/2019\/06\/20190616_160246.jpg 4032w, https:\/\/www.judokwailausanne.ch\/cmsv3\/wp-content\/uploads\/2019\/06\/20190616_160246-300x146.jpg 300w, https:\/\/www.judokwailausanne.ch\/cmsv3\/wp-content\/uploads\/2019\/06\/20190616_160246-768x373.jpg 768w, https:\/\/www.judokwailausanne.ch\/cmsv3\/wp-content\/uploads\/2019\/06\/20190616_160246-1024x498.jpg 1024w, https:\/\/www.judokwailausanne.ch\/cmsv3\/wp-content\/uploads\/2019\/06\/20190616_160246-1320x642.jpg 1320w\" sizes=\"(max-width: 4032px) 100vw, 4032px\" \/> <img loading=\"lazy\" loading=\"lazy\" decoding=\"async\" class=\"alignnone size-full wp-image-10919\" src=\"https:\/\/www.judokwailausanne.ch\/cmsv3\/wp-content\/uploads\/2019\/06\/20190616_164227.jpg\" alt=\"\" width=\"4032\" height=\"1960\" srcset=\"https:\/\/www.judokwailausanne.ch\/cmsv3\/wp-content\/uploads\/2019\/06\/20190616_164227.jpg 4032w, https:\/\/www.judokwailausanne.ch\/cmsv3\/wp-content\/uploads\/2019\/06\/20190616_164227-300x146.jpg 300w, https:\/\/www.judokwailausanne.ch\/cmsv3\/wp-content\/uploads\/2019\/06\/20190616_164227-768x373.jpg 768w, https:\/\/www.judokwailausanne.ch\/cmsv3\/wp-content\/uploads\/2019\/06\/20190616_164227-1024x498.jpg 1024w, https:\/\/www.judokwailausanne.ch\/cmsv3\/wp-content\/uploads\/2019\/06\/20190616_164227-1320x642.jpg 1320w\" sizes=\"(max-width: 4032px) 100vw, 4032px\" \/><\/div>\n","protected":false},"excerpt":{"rendered":"<p>Comme chaque ann\u00e9e, le Judo Kwai Lausanne a particip\u00e9 au Panathlon Family Games https:\/\/www.family-games.ch\/ &nbsp; Ci-dessous 4 photos en plus de celle avec la mascotte Lausanne 2020. La 1\u00e8re: 7h du matin, mise en place des tentes, des tatamis et des tables. La 2\u00e8me: le stand du JKL \u00e0 c\u00f4t\u00e9 de celui de nos amis [&hellip;]<\/p>\n","protected":false},"author":10,"featured_media":10915,"comment_status":"open","ping_status":"open","sticky":false,"template":"","format":"standard","meta":{"_et_pb_use_builder":"","_et_pb_old_content":"","_et_gb_content_width":"","footnotes":""},"categories":[35,36,65,54,48,55],"tags":[],"class_list":["post-10914","post","type-post","status-publish","format-standard","has-post-thumbnail","hentry","category-cours-differents","category-entrainement-outdoor","category-entrainements","category-initiations","category-judo","category-vie-du-jkl"],"_links":{"self":[{"href":"https:\/\/www.judokwailausanne.ch\/index.php?rest_route=\/wp\/v2\/posts\/10914","targetHints":{"allow":["GET"]}}],"collection":[{"href":"https:\/\/www.judokwailausanne.ch\/index.php?rest_route=\/wp\/v2\/posts"}],"about":[{"href":"https:\/\/www.judokwailausanne.ch\/index.php?rest_route=\/wp\/v2\/types\/post"}],"author":[{"embeddable":true,"href":"https:\/\/www.judokwailausanne.ch\/index.php?rest_route=\/wp\/v2\/users\/10"}],"replies":[{"embeddable":true,"href":"https:\/\/www.judokwailausanne.ch\/index.php?rest_route=%2Fwp%2Fv2%2Fcomments&post=10914"}],"version-history":[{"count":1,"href":"https:\/\/www.judokwailausanne.ch\/index.php?rest_route=\/wp\/v2\/posts\/10914\/revisions"}],"predecessor-version":[{"id":10920,"href":"https:\/\/www.judokwailausanne.ch\/index.php?rest_route=\/wp\/v2\/posts\/10914\/revisions\/10920"}],"wp:featuredmedia":[{"embeddable":true,"href":"https:\/\/www.judokwailausanne.ch\/index.php?rest_route=\/wp\/v2\/media\/10915"}],"wp:attachment":[{"href":"https:\/\/www.judokwailausanne.ch\/index.php?rest_route=%2Fwp%2Fv2%2Fmedia&parent=10914"}],"wp:term":[{"taxonomy":"category","embeddable":true,"href":"https:\/\/www.judokwailausanne.ch\/index.php?rest_route=%2Fwp%2Fv2%2Fcategories&post=10914"},{"taxonomy":"post_tag","embeddable":true,"href":"https:\/\/www.judokwailausanne.ch\/index.php?rest_route=%2Fwp%2Fv2%2Ftags&post=10914"}],"curies":[{"name":"wp","href":"https:\/\/api.w.org\/{rel}","templated":true}]}}