{"id":11658,"date":"2019-09-07T17:34:18","date_gmt":"2019-09-07T15:34:18","guid":{"rendered":"https:\/\/www.judokwailausanne.ch\/?p=11658"},"modified":"2019-09-09T16:22:07","modified_gmt":"2019-09-09T14:22:07","slug":"le-pic-nic-du-club-a-profite-dun-soleil-radieux","status":"publish","type":"post","link":"https:\/\/www.judokwailausanne.ch\/?p=11658","title":{"rendered":"Le Pic Nic du Club a profit\u00e9 d&rsquo;un soleil radieux"},"content":{"rendered":"<p>Le Pic Nic du JKL a profit\u00e9 d&rsquo;un superbe temps le 31 ao\u00fbt dernier, et surtout de l&rsquo;enthousiasme de tous les membres et amis pr\u00e9sents (plus de 90!).<\/p>\n<p>De belles parties de foot, de rugby et de Uno pour les uns, des cigares pour d&rsquo;autres (\u00e0 chacun son sport) et pleins de chouettes \u00e9changes autour d&rsquo;un verre ont rythm\u00e9 la journ\u00e9e.<\/p>\n<p>Un immense merci \u00e0 TOUTES et TOUS pour cette belle journ\u00e9e! On se r\u00e9jouit d\u00e9j\u00e0 de remettre \u00e7a en 2020 \ud83d\ude42<\/p>\n<p>Une bonne reprise \u00e0 toutes et tous.<\/p>\n<p><img fetchpriority=\"high\" fetchpriority=\"high\" decoding=\"async\" class=\"size-medium wp-image-11665 aligncenter\" src=\"https:\/\/www.judokwailausanne.ch\/cmsv3\/wp-content\/uploads\/2019\/09\/IMG-20190902-WA0029-300x169.jpg\" alt=\"\" width=\"300\" height=\"169\" srcset=\"https:\/\/www.judokwailausanne.ch\/cmsv3\/wp-content\/uploads\/2019\/09\/IMG-20190902-WA0029-300x169.jpg 300w, https:\/\/www.judokwailausanne.ch\/cmsv3\/wp-content\/uploads\/2019\/09\/IMG-20190902-WA0029-768x432.jpg 768w, https:\/\/www.judokwailausanne.ch\/cmsv3\/wp-content\/uploads\/2019\/09\/IMG-20190902-WA0029-1024x577.jpg 1024w, https:\/\/www.judokwailausanne.ch\/cmsv3\/wp-content\/uploads\/2019\/09\/IMG-20190902-WA0029-1320x743.jpg 1320w, https:\/\/www.judokwailausanne.ch\/cmsv3\/wp-content\/uploads\/2019\/09\/IMG-20190902-WA0029.jpg 1920w\" sizes=\"(max-width: 300px) 100vw, 300px\" \/><\/p>\n<p><img decoding=\"async\" class=\"wp-image-11664 aligncenter\" src=\"https:\/\/www.judokwailausanne.ch\/cmsv3\/wp-content\/uploads\/2019\/09\/IMG-20190902-WA0027-169x300.jpg\" alt=\"\" width=\"164\" height=\"291\" srcset=\"https:\/\/www.judokwailausanne.ch\/cmsv3\/wp-content\/uploads\/2019\/09\/IMG-20190902-WA0027-169x300.jpg 169w, https:\/\/www.judokwailausanne.ch\/cmsv3\/wp-content\/uploads\/2019\/09\/IMG-20190902-WA0027-768x1364.jpg 768w, https:\/\/www.judokwailausanne.ch\/cmsv3\/wp-content\/uploads\/2019\/09\/IMG-20190902-WA0027-577x1024.jpg 577w, https:\/\/www.judokwailausanne.ch\/cmsv3\/wp-content\/uploads\/2019\/09\/IMG-20190902-WA0027.jpg 1081w\" sizes=\"(max-width: 164px) 100vw, 164px\" \/><\/p>\n<p><img decoding=\"async\" class=\"size-medium wp-image-11663 aligncenter\" src=\"https:\/\/www.judokwailausanne.ch\/cmsv3\/wp-content\/uploads\/2019\/09\/IMG-20190902-WA0028-300x169.jpg\" alt=\"\" width=\"300\" height=\"169\" srcset=\"https:\/\/www.judokwailausanne.ch\/cmsv3\/wp-content\/uploads\/2019\/09\/IMG-20190902-WA0028-300x169.jpg 300w, https:\/\/www.judokwailausanne.ch\/cmsv3\/wp-content\/uploads\/2019\/09\/IMG-20190902-WA0028-768x432.jpg 768w, https:\/\/www.judokwailausanne.ch\/cmsv3\/wp-content\/uploads\/2019\/09\/IMG-20190902-WA0028-1024x577.jpg 1024w, https:\/\/www.judokwailausanne.ch\/cmsv3\/wp-content\/uploads\/2019\/09\/IMG-20190902-WA0028-1320x743.jpg 1320w, https:\/\/www.judokwailausanne.ch\/cmsv3\/wp-content\/uploads\/2019\/09\/IMG-20190902-WA0028.jpg 1920w\" sizes=\"(max-width: 300px) 100vw, 300px\" \/><\/p>\n","protected":false},"excerpt":{"rendered":"<p>Le Pic Nic du JKL a profit\u00e9 d&rsquo;un superbe temps le 31 ao\u00fbt dernier, et surtout de l&rsquo;enthousiasme de tous les membres et amis pr\u00e9sents (plus de 90!). De belles parties de foot, de rugby et de Uno pour les uns, des cigares pour d&rsquo;autres (\u00e0 chacun son sport) et pleins de chouettes \u00e9changes autour [&hellip;]<\/p>\n","protected":false},"author":6,"featured_media":11663,"comment_status":"open","ping_status":"open","sticky":false,"template":"","format":"standard","meta":{"_et_pb_use_builder":"","_et_pb_old_content":"","_et_gb_content_width":"","footnotes":""},"categories":[55],"tags":[],"class_list":["post-11658","post","type-post","status-publish","format-standard","has-post-thumbnail","hentry","category-vie-du-jkl"],"_links":{"self":[{"href":"https:\/\/www.judokwailausanne.ch\/index.php?rest_route=\/wp\/v2\/posts\/11658","targetHints":{"allow":["GET"]}}],"collection":[{"href":"https:\/\/www.judokwailausanne.ch\/index.php?rest_route=\/wp\/v2\/posts"}],"about":[{"href":"https:\/\/www.judokwailausanne.ch\/index.php?rest_route=\/wp\/v2\/types\/post"}],"author":[{"embeddable":true,"href":"https:\/\/www.judokwailausanne.ch\/index.php?rest_route=\/wp\/v2\/users\/6"}],"replies":[{"embeddable":true,"href":"https:\/\/www.judokwailausanne.ch\/index.php?rest_route=%2Fwp%2Fv2%2Fcomments&post=11658"}],"version-history":[{"count":3,"href":"https:\/\/www.judokwailausanne.ch\/index.php?rest_route=\/wp\/v2\/posts\/11658\/revisions"}],"predecessor-version":[{"id":11666,"href":"https:\/\/www.judokwailausanne.ch\/index.php?rest_route=\/wp\/v2\/posts\/11658\/revisions\/11666"}],"wp:featuredmedia":[{"embeddable":true,"href":"https:\/\/www.judokwailausanne.ch\/index.php?rest_route=\/wp\/v2\/media\/11663"}],"wp:attachment":[{"href":"https:\/\/www.judokwailausanne.ch\/index.php?rest_route=%2Fwp%2Fv2%2Fmedia&parent=11658"}],"wp:term":[{"taxonomy":"category","embeddable":true,"href":"https:\/\/www.judokwailausanne.ch\/index.php?rest_route=%2Fwp%2Fv2%2Fcategories&post=11658"},{"taxonomy":"post_tag","embeddable":true,"href":"https:\/\/www.judokwailausanne.ch\/index.php?rest_route=%2Fwp%2Fv2%2Ftags&post=11658"}],"curies":[{"name":"wp","href":"https:\/\/api.w.org\/{rel}","templated":true}]}}