{"id":11920,"date":"2019-10-06T15:02:23","date_gmt":"2019-10-06T13:02:23","guid":{"rendered":"https:\/\/www.judokwailausanne.ch\/?p=11920"},"modified":"2019-10-06T15:02:23","modified_gmt":"2019-10-06T13:02:23","slug":"tatsuto-en-bundesliga-2","status":"publish","type":"post","link":"https:\/\/www.judokwailausanne.ch\/?p=11920","title":{"rendered":"Tatsuto en Bundesliga"},"content":{"rendered":"<div class=\"\" data-block=\"true\" data-editor=\"eupvs\" data-offset-key=\"ajsn1-0-0\">\n<div class=\"_1mf _1mj\" data-offset-key=\"ajsn1-0-0\"><span data-offset-key=\"ajsn1-0-0\">Tatsuto Shima combattait ce week end \u00e0 nouveau en Bundesliga allemande avec son \u00e9quipe UJKC Postdam! Il revient avec deux victoires faciles en -66kg, malgr\u00e9 son \u00ab\u00a0judogi bizarre\u00a0\u00bb. Bravo \u00e0 lui!<\/span><\/div>\n<\/div>\n<div class=\"\" data-block=\"true\" data-editor=\"eupvs\" data-offset-key=\"tle7-0-0\">\n<div class=\"_1mf _1mj\" data-offset-key=\"tle7-0-0\"><span data-offset-key=\"tle7-0-0\">\u00a0<\/span><\/div>\n<\/div>\n<div class=\"\" data-block=\"true\" data-editor=\"eupvs\" data-offset-key=\"b319i-0-0\">\n<div class=\"_1mf _1mj\" data-offset-key=\"b319i-0-0\"><span data-offset-key=\"b319i-0-0\">Ses combats (\u00e0 43:53 et 1:48:55) : https:\/\/www.ujkc-potsdam.de\/bundesliga\/live-stream\/<\/span><\/div>\n<\/div>\n<div class=\"\" data-block=\"true\" data-editor=\"eupvs\" data-offset-key=\"c0qj8-0-0\">\n<div class=\"_1mf _1mj\" data-offset-key=\"c0qj8-0-0\"><span data-offset-key=\"c0qj8-0-0\">\u00a0<\/span><\/div>\n<\/div>\n<div class=\"\" data-block=\"true\" data-editor=\"eupvs\" data-offset-key=\"d9vpr-0-0\">\n<div class=\"_1mf _1mj\" data-offset-key=\"d9vpr-0-0\"><span data-offset-key=\"d9vpr-0-0\">\u00c0 noter : notre ami Dominik Sommer combattait \u00e9galement lors de cette rencontre, mais dans l&rsquo;\u00e9quipe adverse!<\/span><\/div>\n<div data-offset-key=\"d9vpr-0-0\"><img fetchpriority=\"high\" fetchpriority=\"high\" decoding=\"async\" class=\"alignnone size-full wp-image-11921\" src=\"https:\/\/www.judokwailausanne.ch\/cmsv3\/wp-content\/uploads\/2019\/10\/1f1c02ee-89b3-438a-bd63-97dc07f85c1d-1.jpg\" alt=\"\" width=\"1800\" height=\"1200\" srcset=\"https:\/\/www.judokwailausanne.ch\/cmsv3\/wp-content\/uploads\/2019\/10\/1f1c02ee-89b3-438a-bd63-97dc07f85c1d-1.jpg 1800w, https:\/\/www.judokwailausanne.ch\/cmsv3\/wp-content\/uploads\/2019\/10\/1f1c02ee-89b3-438a-bd63-97dc07f85c1d-1-300x200.jpg 300w, https:\/\/www.judokwailausanne.ch\/cmsv3\/wp-content\/uploads\/2019\/10\/1f1c02ee-89b3-438a-bd63-97dc07f85c1d-1-768x512.jpg 768w, https:\/\/www.judokwailausanne.ch\/cmsv3\/wp-content\/uploads\/2019\/10\/1f1c02ee-89b3-438a-bd63-97dc07f85c1d-1-1024x683.jpg 1024w, https:\/\/www.judokwailausanne.ch\/cmsv3\/wp-content\/uploads\/2019\/10\/1f1c02ee-89b3-438a-bd63-97dc07f85c1d-1-1320x880.jpg 1320w\" sizes=\"(max-width: 1800px) 100vw, 1800px\" \/> <img decoding=\"async\" class=\"alignnone size-full wp-image-11922\" src=\"https:\/\/www.judokwailausanne.ch\/cmsv3\/wp-content\/uploads\/2019\/10\/bb138a33-9de8-4f9d-a166-dcd7b4e06c51.jpg\" alt=\"\" width=\"1200\" height=\"1800\" srcset=\"https:\/\/www.judokwailausanne.ch\/cmsv3\/wp-content\/uploads\/2019\/10\/bb138a33-9de8-4f9d-a166-dcd7b4e06c51.jpg 1200w, https:\/\/www.judokwailausanne.ch\/cmsv3\/wp-content\/uploads\/2019\/10\/bb138a33-9de8-4f9d-a166-dcd7b4e06c51-200x300.jpg 200w, https:\/\/www.judokwailausanne.ch\/cmsv3\/wp-content\/uploads\/2019\/10\/bb138a33-9de8-4f9d-a166-dcd7b4e06c51-768x1152.jpg 768w, https:\/\/www.judokwailausanne.ch\/cmsv3\/wp-content\/uploads\/2019\/10\/bb138a33-9de8-4f9d-a166-dcd7b4e06c51-683x1024.jpg 683w\" sizes=\"(max-width: 1200px) 100vw, 1200px\" \/> <img decoding=\"async\" class=\"alignnone size-full wp-image-11923\" src=\"https:\/\/www.judokwailausanne.ch\/cmsv3\/wp-content\/uploads\/2019\/10\/3f637133-8038-4104-8991-a6401d037c1a.jpg\" alt=\"\" width=\"1800\" height=\"1200\" srcset=\"https:\/\/www.judokwailausanne.ch\/cmsv3\/wp-content\/uploads\/2019\/10\/3f637133-8038-4104-8991-a6401d037c1a.jpg 1800w, https:\/\/www.judokwailausanne.ch\/cmsv3\/wp-content\/uploads\/2019\/10\/3f637133-8038-4104-8991-a6401d037c1a-300x200.jpg 300w, https:\/\/www.judokwailausanne.ch\/cmsv3\/wp-content\/uploads\/2019\/10\/3f637133-8038-4104-8991-a6401d037c1a-768x512.jpg 768w, https:\/\/www.judokwailausanne.ch\/cmsv3\/wp-content\/uploads\/2019\/10\/3f637133-8038-4104-8991-a6401d037c1a-1024x683.jpg 1024w, https:\/\/www.judokwailausanne.ch\/cmsv3\/wp-content\/uploads\/2019\/10\/3f637133-8038-4104-8991-a6401d037c1a-1320x880.jpg 1320w\" sizes=\"(max-width: 1800px) 100vw, 1800px\" \/><\/div>\n<\/div>\n","protected":false},"excerpt":{"rendered":"<p>Tatsuto Shima combattait ce week end \u00e0 nouveau en Bundesliga allemande avec son \u00e9quipe UJKC Postdam! Il revient avec deux victoires faciles en -66kg, malgr\u00e9 son \u00ab\u00a0judogi bizarre\u00a0\u00bb. Bravo \u00e0 lui! \u00a0 Ses combats (\u00e0 43:53 et 1:48:55) : https:\/\/www.ujkc-potsdam.de\/bundesliga\/live-stream\/ \u00a0 \u00c0 noter : notre ami Dominik Sommer combattait \u00e9galement lors de cette rencontre, mais [&hellip;]<\/p>\n","protected":false},"author":10,"featured_media":11922,"comment_status":"open","ping_status":"open","sticky":false,"template":"","format":"standard","meta":{"_et_pb_use_builder":"","_et_pb_old_content":"","_et_gb_content_width":"","footnotes":""},"categories":[63,48],"tags":[],"class_list":["post-11920","post","type-post","status-publish","format-standard","has-post-thumbnail","hentry","category-competition","category-judo"],"_links":{"self":[{"href":"https:\/\/www.judokwailausanne.ch\/index.php?rest_route=\/wp\/v2\/posts\/11920","targetHints":{"allow":["GET"]}}],"collection":[{"href":"https:\/\/www.judokwailausanne.ch\/index.php?rest_route=\/wp\/v2\/posts"}],"about":[{"href":"https:\/\/www.judokwailausanne.ch\/index.php?rest_route=\/wp\/v2\/types\/post"}],"author":[{"embeddable":true,"href":"https:\/\/www.judokwailausanne.ch\/index.php?rest_route=\/wp\/v2\/users\/10"}],"replies":[{"embeddable":true,"href":"https:\/\/www.judokwailausanne.ch\/index.php?rest_route=%2Fwp%2Fv2%2Fcomments&post=11920"}],"version-history":[{"count":1,"href":"https:\/\/www.judokwailausanne.ch\/index.php?rest_route=\/wp\/v2\/posts\/11920\/revisions"}],"predecessor-version":[{"id":11924,"href":"https:\/\/www.judokwailausanne.ch\/index.php?rest_route=\/wp\/v2\/posts\/11920\/revisions\/11924"}],"wp:featuredmedia":[{"embeddable":true,"href":"https:\/\/www.judokwailausanne.ch\/index.php?rest_route=\/wp\/v2\/media\/11922"}],"wp:attachment":[{"href":"https:\/\/www.judokwailausanne.ch\/index.php?rest_route=%2Fwp%2Fv2%2Fmedia&parent=11920"}],"wp:term":[{"taxonomy":"category","embeddable":true,"href":"https:\/\/www.judokwailausanne.ch\/index.php?rest_route=%2Fwp%2Fv2%2Fcategories&post=11920"},{"taxonomy":"post_tag","embeddable":true,"href":"https:\/\/www.judokwailausanne.ch\/index.php?rest_route=%2Fwp%2Fv2%2Ftags&post=11920"}],"curies":[{"name":"wp","href":"https:\/\/api.w.org\/{rel}","templated":true}]}}