{"id":14575,"date":"2020-05-08T19:28:26","date_gmt":"2020-05-08T17:28:26","guid":{"rendered":"https:\/\/www.judokwailausanne.ch\/?p=14575"},"modified":"2021-06-20T18:09:13","modified_gmt":"2021-06-20T16:09:13","slug":"reprise-des-entrainements-enfin","status":"publish","type":"post","link":"https:\/\/www.judokwailausanne.ch\/?p=14575","title":{"rendered":"Reprise des entra\u00eenements &#8211; enfin !"},"content":{"rendered":"<table style=\"height: 72px;\" width=\"100%\" cellpadding=\"0\">\n<tbody>\n<tr style=\"height: 72px;\">\n<td class=\"mailpoet_paragraph\" style=\"height: 72px;\">Depuis la derni\u00e8re Newsletter, il y a une semaine, beaucoup de choses ont boug\u00e9. Le concept de protection de la F\u00e9d\u00e9ration suisse de Judo et Ju Jitsu a \u00e9t\u00e9 accept\u00e9 par l&rsquo;OFSPO, les d\u00e9tails de sa mise en oeuvre au sein des dojos sont en train d&rsquo;\u00eatre affin\u00e9s et nous sommes en contact avec les municipalit\u00e9s qui nous louent nos locaux.<\/td>\n<\/tr>\n<\/tbody>\n<\/table>\n<table width=\"100%\" cellpadding=\"0\">\n<tbody>\n<tr>\n<td class=\"mailpoet_paragraph\">Ces \u00e9volutions nous permettent de vous annoncer que, sous r\u00e9serve de la validation d\u00e9finitive des villes de Lausanne et Epalinges, les entra\u00eenements reprendront le 18 mai prochain!<\/td>\n<\/tr>\n<\/tbody>\n<\/table>\n<table width=\"100%\" cellpadding=\"0\">\n<tbody>\n<tr>\n<td class=\"mailpoet_paragraph\">Mais soyons tr\u00e8s clairs, ce n&rsquo;est pas un retour \u00e0 la normale. Les entra\u00eenements seront adapt\u00e9s aux exigences sanitaires, des r\u00e8gles strictes encadreront l&rsquo;entr\u00e9e et la sortie du dojo et le nombre de participants par entra\u00eenement sera limit\u00e9.<\/td>\n<\/tr>\n<\/tbody>\n<\/table>\n<table width=\"100%\" cellpadding=\"0\">\n<tbody>\n<tr>\n<td class=\"mailpoet_paragraph\">Le comit\u00e9 et le corps enseignant du JKL va tout mettre en oeuvre ces 10 prochains jours pour vous permettre de remonter sur le tatami en judogi. C&rsquo;est aussi important pour le corps que pour l&rsquo;esprit. Remettre le kimono, sentir le tatami sous nos pieds et l&rsquo;odeur, l&rsquo;ambiance du dojo&#8230;on en a toutes et tous besoin.<\/td>\n<\/tr>\n<\/tbody>\n<\/table>\n<table width=\"100%\" cellpadding=\"0\">\n<tbody>\n<tr>\n<td class=\"mailpoet_paragraph\">Chers Membres, chers Parents, en pr\u00e9vision de cette reprise vous recevrez ces prochains jours un email avec tous les d\u00e9tails concernant la reprise des entra\u00eenements ainsi que le descriptif de ce qui sera mis en place pour assurer votre s\u00e9curit\u00e9 sanitaire, celle de vos enfants. Lisez-le attentivement et, surtout, n&rsquo;h\u00e9sitez pas une seconde \u00e0 nous communiquer toutes vos questions sur le sujet via l&rsquo;adresse email qui sera propos\u00e9e. Nous sommes l\u00e0 pour vous servir et vous rassurer.<img fetchpriority=\"high\" fetchpriority=\"high\" decoding=\"async\" class=\"alignnone size-large wp-image-9921\" src=\"https:\/\/www.judokwailausanne.ch\/cmsv3\/wp-content\/uploads\/2018\/12\/a18613d2-27d6-4b8e-9aae-756de4195218-1024x768.jpg\" alt=\"\" width=\"800\" height=\"600\" srcset=\"https:\/\/www.judokwailausanne.ch\/cmsv3\/wp-content\/uploads\/2018\/12\/a18613d2-27d6-4b8e-9aae-756de4195218-1024x768.jpg 1024w, https:\/\/www.judokwailausanne.ch\/cmsv3\/wp-content\/uploads\/2018\/12\/a18613d2-27d6-4b8e-9aae-756de4195218-300x225.jpg 300w, https:\/\/www.judokwailausanne.ch\/cmsv3\/wp-content\/uploads\/2018\/12\/a18613d2-27d6-4b8e-9aae-756de4195218-768x576.jpg 768w, https:\/\/www.judokwailausanne.ch\/cmsv3\/wp-content\/uploads\/2018\/12\/a18613d2-27d6-4b8e-9aae-756de4195218-1320x990.jpg 1320w, https:\/\/www.judokwailausanne.ch\/cmsv3\/wp-content\/uploads\/2018\/12\/a18613d2-27d6-4b8e-9aae-756de4195218.jpg 1600w\" sizes=\"(max-width: 800px) 100vw, 800px\" \/><\/td>\n<\/tr>\n<\/tbody>\n<\/table>\n<p>Le concept de la FSJ : https:\/\/sjv.ch\/02_Service\/Reglemente-Formulare\/01_Verband-Organisation\/01_Reglemente\/FR\/Covid-19-Concept-de-protection.pdf<\/p>\n","protected":false},"excerpt":{"rendered":"<p>Depuis la derni\u00e8re Newsletter, il y a une semaine, beaucoup de choses ont boug\u00e9. Le concept de protection de la F\u00e9d\u00e9ration suisse de Judo et Ju Jitsu a \u00e9t\u00e9 accept\u00e9 par l&rsquo;OFSPO, les d\u00e9tails de sa mise en oeuvre au sein des dojos sont en train d&rsquo;\u00eatre affin\u00e9s et nous sommes en contact avec les [&hellip;]<\/p>\n","protected":false},"author":10,"featured_media":9921,"comment_status":"open","ping_status":"open","sticky":false,"template":"","format":"standard","meta":{"_et_pb_use_builder":"","_et_pb_old_content":"","_et_gb_content_width":"","footnotes":""},"categories":[35,65,32,33,48,55],"tags":[],"class_list":["post-14575","post","type-post","status-publish","format-standard","has-post-thumbnail","hentry","category-cours-differents","category-entrainements","category-horaires","category-ju-jitsu","category-judo","category-vie-du-jkl"],"_links":{"self":[{"href":"https:\/\/www.judokwailausanne.ch\/index.php?rest_route=\/wp\/v2\/posts\/14575","targetHints":{"allow":["GET"]}}],"collection":[{"href":"https:\/\/www.judokwailausanne.ch\/index.php?rest_route=\/wp\/v2\/posts"}],"about":[{"href":"https:\/\/www.judokwailausanne.ch\/index.php?rest_route=\/wp\/v2\/types\/post"}],"author":[{"embeddable":true,"href":"https:\/\/www.judokwailausanne.ch\/index.php?rest_route=\/wp\/v2\/users\/10"}],"replies":[{"embeddable":true,"href":"https:\/\/www.judokwailausanne.ch\/index.php?rest_route=%2Fwp%2Fv2%2Fcomments&post=14575"}],"version-history":[{"count":4,"href":"https:\/\/www.judokwailausanne.ch\/index.php?rest_route=\/wp\/v2\/posts\/14575\/revisions"}],"predecessor-version":[{"id":18219,"href":"https:\/\/www.judokwailausanne.ch\/index.php?rest_route=\/wp\/v2\/posts\/14575\/revisions\/18219"}],"wp:featuredmedia":[{"embeddable":true,"href":"https:\/\/www.judokwailausanne.ch\/index.php?rest_route=\/wp\/v2\/media\/9921"}],"wp:attachment":[{"href":"https:\/\/www.judokwailausanne.ch\/index.php?rest_route=%2Fwp%2Fv2%2Fmedia&parent=14575"}],"wp:term":[{"taxonomy":"category","embeddable":true,"href":"https:\/\/www.judokwailausanne.ch\/index.php?rest_route=%2Fwp%2Fv2%2Fcategories&post=14575"},{"taxonomy":"post_tag","embeddable":true,"href":"https:\/\/www.judokwailausanne.ch\/index.php?rest_route=%2Fwp%2Fv2%2Ftags&post=14575"}],"curies":[{"name":"wp","href":"https:\/\/api.w.org\/{rel}","templated":true}]}}