{"id":14608,"date":"2020-05-11T21:11:32","date_gmt":"2020-05-11T19:11:32","guid":{"rendered":"https:\/\/www.judokwailausanne.ch\/?p=14608"},"modified":"2020-05-11T21:12:06","modified_gmt":"2020-05-11T19:12:06","slug":"judo-et-boxe-pas-facile-de-sentrainer-interview-de-francois-chavanne-sur-les-ondes-de-la-rts","status":"publish","type":"post","link":"https:\/\/www.judokwailausanne.ch\/?p=14608","title":{"rendered":"Judo et boxe : pas facile de s&rsquo;entra\u00eener : interview de Fran\u00e7ois Chavanne sur les ondes de la RTS"},"content":{"rendered":"<p>EXCEPTIONNEL : les m\u00e9dias suisses romands \u00e9voquent la question des sports de combat en temps de Covid-19 \ud83d\ude04\ud83e\udd4b<\/p>\n<p>Merci \u00e0 Fran\u00e7ois Chavanne et \u00e0 la RTS!<\/p>\n<p>Judo et boxe: pas facile de s\u2019entra\u00eener<br \/>\nAvec le coronavirus, les sportifs individuels ont d\u00e9j\u00e0 du mal \u00e0 trouver des solutions pour s\u2019entra\u00eener correctement. Alors imaginez pour les amateurs de sports de contact comme les lutteurs et les boxeurs. Comment s\u2019y prennent-ils ? T\u00e9moignages de Fran\u00e7ois Chavanne, pr\u00e9sident de l\u2019association vaudoise de judo et d\u2019Olivia Belkacem-Boudouma, boxeuse fribourgeoise.<\/p>\n<p><img fetchpriority=\"high\" fetchpriority=\"high\" decoding=\"async\" class=\"alignnone size-full wp-image-14610\" src=\"https:\/\/www.judokwailausanne.ch\/cmsv3\/wp-content\/uploads\/2020\/05\/download.jpg\" alt=\"\" width=\"220\" height=\"229\" \/><\/p>\n<p><a href=\"https:\/\/www.rts.ch\/play\/radio\/sport-premiere\/audio\/judo-et-boxe-pas-facile-de-sentraner?id=11274973&amp;fbclid=IwAR35g_RrSiCVgUjqFQSjjy4xwzxL_C_0YOk2Y9F35Lmoklf-dKmKwIJw1h4\">https:\/\/www.rts.ch\/play\/radio\/sport-premiere\/audio\/judo-et-boxe-pas-facile-de-sentraner?id=11274973&amp;fbclid=IwAR35g_RrSiCVgUjqFQSjjy4xwzxL_C_0YOk2Y9F35Lmoklf-dKmKwIJw1h4<\/a><\/p>\n","protected":false},"excerpt":{"rendered":"<p>EXCEPTIONNEL : les m\u00e9dias suisses romands \u00e9voquent la question des sports de combat en temps de Covid-19 \ud83d\ude04\ud83e\udd4b Merci \u00e0 Fran\u00e7ois Chavanne et \u00e0 la RTS! Judo et boxe: pas facile de s\u2019entra\u00eener Avec le coronavirus, les sportifs individuels ont d\u00e9j\u00e0 du mal \u00e0 trouver des solutions pour s\u2019entra\u00eener correctement. Alors imaginez pour les amateurs [&hellip;]<\/p>\n","protected":false},"author":10,"featured_media":4310,"comment_status":"open","ping_status":"open","sticky":false,"template":"","format":"standard","meta":{"_et_pb_use_builder":"","_et_pb_old_content":"","_et_gb_content_width":"","footnotes":""},"categories":[35,65,33,48,55],"tags":[],"class_list":["post-14608","post","type-post","status-publish","format-standard","has-post-thumbnail","hentry","category-cours-differents","category-entrainements","category-ju-jitsu","category-judo","category-vie-du-jkl"],"_links":{"self":[{"href":"https:\/\/www.judokwailausanne.ch\/index.php?rest_route=\/wp\/v2\/posts\/14608","targetHints":{"allow":["GET"]}}],"collection":[{"href":"https:\/\/www.judokwailausanne.ch\/index.php?rest_route=\/wp\/v2\/posts"}],"about":[{"href":"https:\/\/www.judokwailausanne.ch\/index.php?rest_route=\/wp\/v2\/types\/post"}],"author":[{"embeddable":true,"href":"https:\/\/www.judokwailausanne.ch\/index.php?rest_route=\/wp\/v2\/users\/10"}],"replies":[{"embeddable":true,"href":"https:\/\/www.judokwailausanne.ch\/index.php?rest_route=%2Fwp%2Fv2%2Fcomments&post=14608"}],"version-history":[{"count":2,"href":"https:\/\/www.judokwailausanne.ch\/index.php?rest_route=\/wp\/v2\/posts\/14608\/revisions"}],"predecessor-version":[{"id":14611,"href":"https:\/\/www.judokwailausanne.ch\/index.php?rest_route=\/wp\/v2\/posts\/14608\/revisions\/14611"}],"wp:featuredmedia":[{"embeddable":true,"href":"https:\/\/www.judokwailausanne.ch\/index.php?rest_route=\/wp\/v2\/media\/4310"}],"wp:attachment":[{"href":"https:\/\/www.judokwailausanne.ch\/index.php?rest_route=%2Fwp%2Fv2%2Fmedia&parent=14608"}],"wp:term":[{"taxonomy":"category","embeddable":true,"href":"https:\/\/www.judokwailausanne.ch\/index.php?rest_route=%2Fwp%2Fv2%2Fcategories&post=14608"},{"taxonomy":"post_tag","embeddable":true,"href":"https:\/\/www.judokwailausanne.ch\/index.php?rest_route=%2Fwp%2Fv2%2Ftags&post=14608"}],"curies":[{"name":"wp","href":"https:\/\/api.w.org\/{rel}","templated":true}]}}