{"id":14777,"date":"2020-05-29T02:43:42","date_gmt":"2020-05-29T00:43:42","guid":{"rendered":"https:\/\/www.judokwailausanne.ch\/?p=14777"},"modified":"2021-06-20T18:09:52","modified_gmt":"2021-06-20T16:09:52","slug":"ajout-de-cours-les-mardi-et-jeudi-a-lausanne-arret-des-cours-en-ligne","status":"publish","type":"post","link":"https:\/\/www.judokwailausanne.ch\/?p=14777","title":{"rendered":"Ajout de cours les mardi et jeudi \u00e0 Lausanne, arr\u00eat des cours en ligne"},"content":{"rendered":"<table class=\"mailpoet_content-wrapper\" border=\"0\" width=\"660\" cellspacing=\"0\" cellpadding=\"0\">\n<tbody>\n<tr>\n<td class=\"mailpoet_content\" align=\"center\" bgcolor=\"#ffffff\">\n<table border=\"0\" width=\"100%\" cellspacing=\"0\" cellpadding=\"0\">\n<tbody>\n<tr>\n<td>\n<table class=\"mailpoet_cols-one\" border=\"0\" width=\"100%\" cellspacing=\"0\" cellpadding=\"0\">\n<tbody>\n<tr>\n<td class=\"mailpoet_image mailpoet_padded_vertical mailpoet_padded_side\" align=\"center\" valign=\"top\"><img decoding=\"async\" src=\"https:\/\/www.judokwailausanne.ch\/cmsv3\/wp-content\/uploads\/2018\/01\/DSCF1050.jpg\" alt=\"J'inscris mon enfant\" width=\"620\" \/><\/td>\n<\/tr>\n<\/tbody>\n<\/table>\n<\/td>\n<\/tr>\n<\/tbody>\n<\/table>\n<\/td>\n<\/tr>\n<tr>\n<td class=\"mailpoet_content\" align=\"center\" bgcolor=\"#ececeb\">\n<table border=\"0\" width=\"100%\" cellspacing=\"0\" cellpadding=\"0\">\n<tbody>\n<tr>\n<td>\n<table class=\"mailpoet_cols-one\" border=\"0\" width=\"100%\" cellspacing=\"0\" cellpadding=\"0\">\n<tbody>\n<tr>\n<td class=\"mailpoet_divider\" valign=\"top\" bgcolor=\"#347a59\">\n<table style=\"height: 18px;\" border=\"0\" width=\"100%\" cellspacing=\"0\" cellpadding=\"0\">\n<tbody>\n<tr style=\"height: 18px;\">\n<td class=\"mailpoet_divider-cell\" style=\"height: 18px;\"><\/td>\n<\/tr>\n<\/tbody>\n<\/table>\n<\/td>\n<\/tr>\n<tr>\n<td class=\"mailpoet_text mailpoet_padded_vertical mailpoet_padded_side\" valign=\"top\"><\/td>\n<\/tr>\n<tr>\n<td class=\"mailpoet_text mailpoet_padded_vertical mailpoet_padded_side\" valign=\"top\">\n<h2><strong>Ajout de cours les mardi et jeudi \u00e0 lausanne, <\/strong><\/h2>\n<h2><strong>arr\u00eat des cours en ligne.<\/strong><\/h2>\n<table width=\"100%\" cellpadding=\"0\">\n<tbody>\n<tr>\n<td class=\"mailpoet_paragraph\"><\/td>\n<\/tr>\n<\/tbody>\n<\/table>\n<\/td>\n<\/tr>\n<tr>\n<td class=\"mailpoet_text mailpoet_padded_vertical mailpoet_padded_side\" valign=\"top\">\n<table width=\"100%\" cellpadding=\"0\">\n<tbody>\n<tr>\n<td class=\"mailpoet_paragraph\">Chers Parents, cher\/\u00e8res Ami\/es du Judo Kwai Lausanne,<\/td>\n<\/tr>\n<\/tbody>\n<\/table>\n<table width=\"100%\" cellpadding=\"0\">\n<tbody>\n<tr>\n<td class=\"mailpoet_paragraph\">Deux cours enfants suppl\u00e9mentaires, dispens\u00e9s au dojo de Lausanne, ont \u00e9t\u00e9 ajout\u00e9s mardis et le jeudis,<\/td>\n<\/tr>\n<\/tbody>\n<\/table>\n<ul class=\"mailpoet_paragraph\">\n<li class=\"mailpoet_paragraph\">Enfant ceinture blanche et jaune de 16h30 \u00e0 17h15<\/li>\n<li class=\"mailpoet_paragraph\">Enfant d\u00e8s ceinture orange de 17h30 \u00e0 18h15<\/li>\n<\/ul>\n<table width=\"100%\" cellpadding=\"0\">\n<tbody>\n<tr>\n<td class=\"mailpoet_paragraph\">Vous pouvez d\u00e8s \u00e0 pr\u00e9sent inscrire votre enfant au cours qui lui convient les mardis et jeudis. Merci de toujours utiliser le m\u00eame lien vers la page des inscriptions (ci-dessous):<\/td>\n<\/tr>\n<\/tbody>\n<\/table>\n<table width=\"100%\" cellpadding=\"0\">\n<tbody>\n<tr>\n<td class=\"mailpoet_paragraph\"><a href=\"https:\/\/www.judokwailausanne.ch\/?p=14560\">https:\/\/www.judokwailausanne.ch\/?p=14560<\/a><\/td>\n<\/tr>\n<\/tbody>\n<\/table>\n<\/td>\n<\/tr>\n<tr>\n<td class=\"mailpoet_padded_vertical mailpoet_padded_side\" valign=\"top\">\n<div>\n<table border=\"0\" width=\"100%\" cellspacing=\"0\" cellpadding=\"0\">\n<tbody>\n<tr>\n<td class=\"mailpoet_button-container\"><a class=\"mailpoet_button\" href=\"https:\/\/www.judokwailausanne.ch\/?mailpoet_router&amp;endpoint=track&amp;action=click&amp;data=WyI2IiwiOGRjM2NiIiwiMjIiLCIwZmI4NGY1MTU3YjciLGZhbHNlXQ\">Inscriptions<\/a><\/td>\n<\/tr>\n<\/tbody>\n<\/table>\n<\/div>\n<\/td>\n<\/tr>\n<tr>\n<td class=\"mailpoet_text mailpoet_padded_vertical mailpoet_padded_side\" valign=\"top\">\n<table width=\"100%\" cellpadding=\"0\">\n<tbody>\n<tr>\n<td class=\"mailpoet_paragraph\">Il est important que chaque enfant puisse recommencer les entra\u00eenements et remonter sur le tatami sans trop tarder, afin de revoir les copains en transpirant.<\/td>\n<\/tr>\n<\/tbody>\n<\/table>\n<table width=\"100%\" cellpadding=\"0\">\n<tbody>\n<tr>\n<td class=\"mailpoet_paragraph\">Les cours en ligne <strong>seront arr\u00eat\u00e9s d\u00e8s le 1er juin<\/strong> pour laisser la place aux nouveaux cours du mardi et jeudi \u00e0 Lausanne.<br \/>\nUn immense MERCI et BRAVO \u00e0 tous les \u00e9l\u00e8ves et parents qui ont particip\u00e9 \u00e0 ces cours connect\u00e9s et qui ont ainsi contribu\u00e9 \u00e0 leur succ\u00e8s.<\/td>\n<\/tr>\n<\/tbody>\n<\/table>\n<table width=\"100%\" cellpadding=\"0\">\n<tbody>\n<tr>\n<td class=\"mailpoet_paragraph\">Pour toute question relative \u00e0 la reprise des cours \u00e9crivez \u00e0 :<\/td>\n<\/tr>\n<\/tbody>\n<\/table>\n<table width=\"100%\" cellpadding=\"0\">\n<tbody>\n<tr>\n<td class=\"mailpoet_paragraph\"><strong>reprise2020@judokwailausanne.ch <\/strong><\/td>\n<\/tr>\n<\/tbody>\n<\/table>\n<\/td>\n<\/tr>\n<tr>\n<td class=\"mailpoet_padded_vertical mailpoet_padded_side\" valign=\"top\">\n<div>\n<table border=\"0\" width=\"100%\" cellspacing=\"0\" cellpadding=\"0\">\n<tbody>\n<tr>\n<td class=\"mailpoet_button-container\">Questions ? <\/td>\n<\/tr>\n<\/tbody>\n<\/table>\n<\/div>\n<\/td>\n<\/tr>\n<tr>\n<td class=\"mailpoet_text mailpoet_padded_vertical mailpoet_padded_side\" valign=\"top\">\n<table width=\"100%\" cellpadding=\"0\">\n<tbody>\n<tr>\n<td class=\"mailpoet_paragraph\">A tout bient\u00f4t et au plaisir de vous revoir !<\/td>\n<\/tr>\n<\/tbody>\n<\/table>\n<\/td>\n<\/tr>\n<\/tbody>\n<\/table>\n<\/td>\n<\/tr>\n<\/tbody>\n<\/table>\n<\/td>\n<\/tr>\n<\/tbody>\n<\/table>\n<p>&nbsp;<\/p>\n","protected":false},"excerpt":{"rendered":"<p>Ajout de cours les mardi et jeudi \u00e0 lausanne, arr\u00eat des cours en ligne. Chers Parents, cher\/\u00e8res Ami\/es du Judo Kwai Lausanne, Deux cours enfants suppl\u00e9mentaires, dispens\u00e9s au dojo de Lausanne, ont \u00e9t\u00e9 ajout\u00e9s mardis et le jeudis, Enfant ceinture blanche et jaune de 16h30 \u00e0 17h15 Enfant d\u00e8s ceinture orange de 17h30 \u00e0 18h15 [&hellip;]<\/p>\n","protected":false},"author":10,"featured_media":4310,"comment_status":"open","ping_status":"open","sticky":false,"template":"","format":"standard","meta":{"_et_pb_use_builder":"","_et_pb_old_content":"","_et_gb_content_width":"","footnotes":""},"categories":[35,65,32,33,48,55],"tags":[],"class_list":["post-14777","post","type-post","status-publish","format-standard","has-post-thumbnail","hentry","category-cours-differents","category-entrainements","category-horaires","category-ju-jitsu","category-judo","category-vie-du-jkl"],"_links":{"self":[{"href":"https:\/\/www.judokwailausanne.ch\/index.php?rest_route=\/wp\/v2\/posts\/14777","targetHints":{"allow":["GET"]}}],"collection":[{"href":"https:\/\/www.judokwailausanne.ch\/index.php?rest_route=\/wp\/v2\/posts"}],"about":[{"href":"https:\/\/www.judokwailausanne.ch\/index.php?rest_route=\/wp\/v2\/types\/post"}],"author":[{"embeddable":true,"href":"https:\/\/www.judokwailausanne.ch\/index.php?rest_route=\/wp\/v2\/users\/10"}],"replies":[{"embeddable":true,"href":"https:\/\/www.judokwailausanne.ch\/index.php?rest_route=%2Fwp%2Fv2%2Fcomments&post=14777"}],"version-history":[{"count":4,"href":"https:\/\/www.judokwailausanne.ch\/index.php?rest_route=\/wp\/v2\/posts\/14777\/revisions"}],"predecessor-version":[{"id":18224,"href":"https:\/\/www.judokwailausanne.ch\/index.php?rest_route=\/wp\/v2\/posts\/14777\/revisions\/18224"}],"wp:featuredmedia":[{"embeddable":true,"href":"https:\/\/www.judokwailausanne.ch\/index.php?rest_route=\/wp\/v2\/media\/4310"}],"wp:attachment":[{"href":"https:\/\/www.judokwailausanne.ch\/index.php?rest_route=%2Fwp%2Fv2%2Fmedia&parent=14777"}],"wp:term":[{"taxonomy":"category","embeddable":true,"href":"https:\/\/www.judokwailausanne.ch\/index.php?rest_route=%2Fwp%2Fv2%2Fcategories&post=14777"},{"taxonomy":"post_tag","embeddable":true,"href":"https:\/\/www.judokwailausanne.ch\/index.php?rest_route=%2Fwp%2Fv2%2Ftags&post=14777"}],"curies":[{"name":"wp","href":"https:\/\/api.w.org\/{rel}","templated":true}]}}