{"id":15436,"date":"2020-08-18T12:55:11","date_gmt":"2020-08-18T10:55:11","guid":{"rendered":"https:\/\/www.judokwailausanne.ch\/?p=15436"},"modified":"2020-08-18T12:55:11","modified_gmt":"2020-08-18T10:55:11","slug":"rentree-2020","status":"publish","type":"post","link":"https:\/\/www.judokwailausanne.ch\/?p=15436","title":{"rendered":"Rentr\u00e9e 2020"},"content":{"rendered":"<div class=\"kvgmc6g5 cxmmr5t8 oygrvhab hcukyx3x c1et5uql ii04i59q\">\n<div dir=\"auto\">La rentr\u00e9e, c&rsquo;est bient\u00f4t!<\/div>\n<div dir=\"auto\"><span class=\"q9uorilb tbxw36s4 knj5qynh kvgmc6g5 ditlmg2l oygrvhab nvdbi5me fgm26odu gl3lb2sf hhz5lgdu\"><img decoding=\"async\" src=\"https:\/\/static.xx.fbcdn.net\/images\/emoji.php\/v9\/t3f\/1\/16\/1f94b.png\" alt=\"\ud83e\udd4b\" width=\"16\" height=\"16\" \/><\/span> <span class=\"q9uorilb tbxw36s4 knj5qynh kvgmc6g5 ditlmg2l oygrvhab nvdbi5me fgm26odu gl3lb2sf hhz5lgdu\"><img decoding=\"async\" src=\"https:\/\/static.xx.fbcdn.net\/images\/emoji.php\/v9\/t4f\/1\/16\/1f601.png\" alt=\"\ud83d\ude01\" width=\"16\" height=\"16\" \/><\/span> <span class=\"q9uorilb tbxw36s4 knj5qynh kvgmc6g5 ditlmg2l oygrvhab nvdbi5me fgm26odu gl3lb2sf hhz5lgdu\"><img decoding=\"async\" src=\"https:\/\/static.xx.fbcdn.net\/images\/emoji.php\/v9\/t6d\/1\/16\/2600.png\" alt=\"\u2600\ufe0f\" width=\"16\" height=\"16\" \/><\/span><\/div>\n<div dir=\"auto\">Les cours pour les petits et les grands reprennent en effet dans tous nos dojos \u00e0 partir du lundi 24 ao\u00fbt, et on se r\u00e9jouit car le judo est une \u00e9cole de vie en plus d&rsquo;\u00eatre un sport formidable!<\/div>\n<\/div>\n<div class=\"o9v6fnle cxmmr5t8 oygrvhab hcukyx3x c1et5uql ii04i59q\">\n<div dir=\"auto\">Toutes les infos pour s&rsquo;inscrire dans nos dojos de Mon-Repos, d&rsquo;Epalinges et du Mont-sur-Lausanne se trouvent sur notre site :<\/div>\n<div dir=\"auto\"><a class=\"oajrlxb2 g5ia77u1 qu0x051f esr5mh6w e9989ue4 r7d6kgcz rq0escxv nhd2j8a9 nc684nl6 p7hjln8o kvgmc6g5 cxmmr5t8 oygrvhab hcukyx3x jb3vyjys rz4wbd8a qt6c0cv9 a8nywdso i1ao9s8h esuyzwwr f1sip0of lzcic4wl py34i1dx gpro0wi8\" tabindex=\"0\" role=\"link\" href=\"https:\/\/l.facebook.com\/l.php?u=https%3A%2F%2Fwww.judokwailausanne.ch%2F%3Fpage_id%3D4117%26fbclid%3DIwAR1KQ2W20GpSI03Ws7RfHBl-o4SzaRHVJlwluas67lP5qBVt0wW67ixQeHI&amp;h=AT06XHXvD-8Fq4Mn1OZBl_0JWaZjv523fZyvRdM70GhYGuyHkGqabn9ElQWu_HsyIlHt1-kMJ-r6zQ3UZZexeK3ScPpbaSXUgoLaAGc9mt2HbtMb2d-P1WBgUOGWRwA9dSL573vTsmUok9Eo2kp6I2M&amp;__tn__=-UK-R&amp;c[0]=AT37O5LahSbIR0EGbfEyV5oBea8Qp3AtxFKHP9-geyrUBb-_syd9HDARMMerpcHX_FqR37OrLnA-grVfvYPfqKEnKDFXESaBdHAjtJT_PXlkc1gpk75c1GbsvW9mCa_I0xpZrRL24OV7Ad4UPDePF3zQzfc7w7OZ_-MH-w53SCRGhvO3bCCH-X-7VJWDGLs\" target=\"_blank\" rel=\"nofollow noopener noreferrer\">https:\/\/www.judokwailausanne.ch\/?page_id=4117<\/a><\/div>\n<\/div>\n<div class=\"o9v6fnle cxmmr5t8 oygrvhab hcukyx3x c1et5uql ii04i59q\">\n<div dir=\"auto\">Pour nous contacter :<\/div>\n<div dir=\"auto\">Avenue du Tribunal-F\u00e9d\u00e9ral, 4<\/div>\n<div dir=\"auto\">CH-1005 Lausanne<\/div>\n<div dir=\"auto\">021.323.83.94<\/div>\n<div dir=\"auto\">info@judokwailausanne.ch ou reprise2020@judokwailausanne.ch<\/div>\n<\/div>\n<div class=\"o9v6fnle cxmmr5t8 oygrvhab hcukyx3x c1et5uql ii04i59q\">\n<div dir=\"auto\">\u00c0 bient\u00f4t!<\/div>\n<\/div>\n","protected":false},"excerpt":{"rendered":"<p>La rentr\u00e9e, c&rsquo;est bient\u00f4t! Les cours pour les petits et les grands reprennent en effet dans tous nos dojos \u00e0 partir du lundi 24 ao\u00fbt, et on se r\u00e9jouit car le judo est une \u00e9cole de vie en plus d&rsquo;\u00eatre un sport formidable! Toutes les infos pour s&rsquo;inscrire dans nos dojos de Mon-Repos, d&rsquo;Epalinges et [&hellip;]<\/p>\n","protected":false},"author":10,"featured_media":4310,"comment_status":"open","ping_status":"open","sticky":false,"template":"","format":"standard","meta":{"_et_pb_use_builder":"","_et_pb_old_content":"","_et_gb_content_width":"","footnotes":""},"categories":[65,54,33,48,62],"tags":[],"class_list":["post-15436","post","type-post","status-publish","format-standard","has-post-thumbnail","hentry","category-entrainements","category-initiations","category-ju-jitsu","category-judo","category-reseaux-sociaux"],"_links":{"self":[{"href":"https:\/\/www.judokwailausanne.ch\/index.php?rest_route=\/wp\/v2\/posts\/15436","targetHints":{"allow":["GET"]}}],"collection":[{"href":"https:\/\/www.judokwailausanne.ch\/index.php?rest_route=\/wp\/v2\/posts"}],"about":[{"href":"https:\/\/www.judokwailausanne.ch\/index.php?rest_route=\/wp\/v2\/types\/post"}],"author":[{"embeddable":true,"href":"https:\/\/www.judokwailausanne.ch\/index.php?rest_route=\/wp\/v2\/users\/10"}],"replies":[{"embeddable":true,"href":"https:\/\/www.judokwailausanne.ch\/index.php?rest_route=%2Fwp%2Fv2%2Fcomments&post=15436"}],"version-history":[{"count":1,"href":"https:\/\/www.judokwailausanne.ch\/index.php?rest_route=\/wp\/v2\/posts\/15436\/revisions"}],"predecessor-version":[{"id":15437,"href":"https:\/\/www.judokwailausanne.ch\/index.php?rest_route=\/wp\/v2\/posts\/15436\/revisions\/15437"}],"wp:featuredmedia":[{"embeddable":true,"href":"https:\/\/www.judokwailausanne.ch\/index.php?rest_route=\/wp\/v2\/media\/4310"}],"wp:attachment":[{"href":"https:\/\/www.judokwailausanne.ch\/index.php?rest_route=%2Fwp%2Fv2%2Fmedia&parent=15436"}],"wp:term":[{"taxonomy":"category","embeddable":true,"href":"https:\/\/www.judokwailausanne.ch\/index.php?rest_route=%2Fwp%2Fv2%2Fcategories&post=15436"},{"taxonomy":"post_tag","embeddable":true,"href":"https:\/\/www.judokwailausanne.ch\/index.php?rest_route=%2Fwp%2Fv2%2Ftags&post=15436"}],"curies":[{"name":"wp","href":"https:\/\/api.w.org\/{rel}","templated":true}]}}