{"id":1944,"date":"2008-05-11T21:40:03","date_gmt":"2008-05-11T20:40:03","guid":{"rendered":"http:\/\/www.judokwailausanne.ch\/cmsv3\/?p=1944"},"modified":"2008-05-11T21:40:03","modified_gmt":"2008-05-11T20:40:03","slug":"edelgirls-052008","status":"publish","type":"post","link":"https:\/\/www.judokwailausanne.ch\/?p=1944","title":{"rendered":"Edelgirls 05\/2008"},"content":{"rendered":"<p><a href=\"http:\/\/www.judokwailausanne.ch\/cmsv3\/wp-content\/uploads\/2008\/05\/edelgirls-article-ju-jitsu.pdf\" target=\"_blank\"><img fetchpriority=\"high\" fetchpriority=\"high\" decoding=\"async\" class=\"alignleft size-full wp-image-1948\" src=\"http:\/\/www.judokwailausanne.ch\/cmsv3\/wp-content\/uploads\/2008\/05\/Edelweiss.jpg\" alt=\"Edelweiss\" width=\"217\" height=\"295\" \/><\/a>\u00ab Edelgirls \u00bb, magazine f\u00e9minin pr\u00e9sente, dans son num\u00e9ro de mai 2008, plusieurs sports, dont le Ju-Jitsu. C&rsquo;est assez rare que le Ju-jitsu apparaisse dans un journal aussi on le mentionne !<\/p>\n<p>&nbsp;<\/p>\n<p><!--more--><\/p>\n<p>Voici un extrait de l&rsquo;article. La photo o\u00f9 l&rsquo;on voit Caroline et Camille (Ca y est c&rsquo;est le d\u00e9but de la gloire les filles !) a \u00e9t\u00e9 r\u00e9alis\u00e9e par Philippe Gschwend. <\/p>\n","protected":false},"excerpt":{"rendered":"<p>\u00ab Edelgirls \u00bb, magazine f\u00e9minin pr\u00e9sente, dans son num\u00e9ro de mai 2008, plusieurs sports, dont le Ju-Jitsu. C&rsquo;est assez rare que le Ju-jitsu apparaisse dans un journal aussi on le mentionne ! &nbsp;<\/p>\n","protected":false},"author":3,"featured_media":1359,"comment_status":"open","ping_status":"open","sticky":false,"template":"","format":"quote","meta":{"_et_pb_use_builder":"","_et_pb_old_content":"","_et_gb_content_width":"","footnotes":""},"categories":[21],"tags":[],"class_list":["post-1944","post","type-post","status-publish","format-quote","has-post-thumbnail","hentry","category-revue-de-presse","post_format-post-format-quote"],"_links":{"self":[{"href":"https:\/\/www.judokwailausanne.ch\/index.php?rest_route=\/wp\/v2\/posts\/1944","targetHints":{"allow":["GET"]}}],"collection":[{"href":"https:\/\/www.judokwailausanne.ch\/index.php?rest_route=\/wp\/v2\/posts"}],"about":[{"href":"https:\/\/www.judokwailausanne.ch\/index.php?rest_route=\/wp\/v2\/types\/post"}],"author":[{"embeddable":true,"href":"https:\/\/www.judokwailausanne.ch\/index.php?rest_route=\/wp\/v2\/users\/3"}],"replies":[{"embeddable":true,"href":"https:\/\/www.judokwailausanne.ch\/index.php?rest_route=%2Fwp%2Fv2%2Fcomments&post=1944"}],"version-history":[{"count":0,"href":"https:\/\/www.judokwailausanne.ch\/index.php?rest_route=\/wp\/v2\/posts\/1944\/revisions"}],"wp:featuredmedia":[{"embeddable":true,"href":"https:\/\/www.judokwailausanne.ch\/index.php?rest_route=\/wp\/v2\/media\/1359"}],"wp:attachment":[{"href":"https:\/\/www.judokwailausanne.ch\/index.php?rest_route=%2Fwp%2Fv2%2Fmedia&parent=1944"}],"wp:term":[{"taxonomy":"category","embeddable":true,"href":"https:\/\/www.judokwailausanne.ch\/index.php?rest_route=%2Fwp%2Fv2%2Fcategories&post=1944"},{"taxonomy":"post_tag","embeddable":true,"href":"https:\/\/www.judokwailausanne.ch\/index.php?rest_route=%2Fwp%2Fv2%2Ftags&post=1944"}],"curies":[{"name":"wp","href":"https:\/\/api.w.org\/{rel}","templated":true}]}}