{"id":19631,"date":"2021-12-03T17:27:16","date_gmt":"2021-12-03T16:27:16","guid":{"rendered":"https:\/\/www.judokwailausanne.ch\/?p=19631"},"modified":"2021-12-03T17:27:16","modified_gmt":"2021-12-03T16:27:16","slug":"les-entrainements-avec-contact-et-partenaires-reprennent-des-le-lundi-8-juin-2-2","status":"publish","type":"post","link":"https:\/\/www.judokwailausanne.ch\/?p=19631","title":{"rendered":"COVID-19 &#8211; Recommandations"},"content":{"rendered":"<div>Dans la foul\u00e9e des derni\u00e8res annonces du Conseil F\u00e9d\u00e9ral, l<b>e contr\u00f4le du certificat covid est obligatoire pour les plus de 16 ans afin de pouvoir participer aux entra\u00eenements<\/b>, \u00e0 partir du 6 d\u00e9cembre prochain.<\/div>\n<div><\/div>\n<p><!--more--><\/p>\n<div>Les\u00a0enseignants.es\u00a0et moniteurs.trices v\u00e9rifieront la validit\u00e9 des certificats covid au d\u00e9but de chaque entra\u00eenement pour adultes \/ jeunes 16+. Nous vous prions donc de le tenir \u00e0 disposition avant votre entra\u00eenement.<\/div>\n<div>Une fois les contr\u00f4les effectu\u00e9s, les\u00a0enseigants.es\u00a0compl\u00e9teront la liste des pr\u00e9sences. Merci de ne pas compl\u00e9ter cette liste vous-m\u00eame.<\/div>\n<div><\/div>\n<div>Si un \u00e9l\u00e8ve ne peut pas pr\u00e9senter de certificat covid, il devra imm\u00e9diatement quitter le dojo. Aucune exception ne peut \u00eatre accept\u00e9e.<\/div>\n<div><\/div>\n<div>Enfin, sachez que le port du masque\u00a0<u>n&rsquo;est pas obligatoire<\/u>\u00a0lors des entra\u00eenements (directives cantonales).<\/div>\n<div><\/div>\n<div>En vous remerciant pour votre compr\u00e9hension et votre fid\u00e9lit\u00e9, nous vous souhaitons un agr\u00e9able\u00a0weekend.<\/div>\n<p>Merci d&rsquo;adresser toutes vos questions concernant ce sujet \u00e0 l&rsquo;adresse:<strong><a href=\"mailto:info@judokwailausanne.ch\">info@judokwailausanne.ch<\/a>\u00a0<\/strong><\/p>\n<p><img decoding=\"async\" src=\"https:\/\/www.judokwailausanne.ch\/cmsv3\/wp-content\/uploads\/2020\/04\/au-contact-ds.jpg\" alt=\"au-contact-ds\" width=\"660\" \/><\/p>\n<p><strong>David Sueur <\/strong>et <strong>Arnaud Vernay<\/strong><br \/>\nResponsables du plan de reprise Coronavirus<br \/>\npour les dojos respectifs de Lausanne et Epalinges<\/p>\n<p><a href=\"https:\/\/www.judokwailausanne.ch\/cmsv3\/wp-content\/uploads\/2021\/12\/COVID-Consignes-et-recommandations-06.12.21.png\" target=\"_blank\" rel=\"noopener\"><img fetchpriority=\"high\" fetchpriority=\"high\" decoding=\"async\" class=\"wp-image-19632 aligncenter\" src=\"https:\/\/www.judokwailausanne.ch\/cmsv3\/wp-content\/uploads\/2021\/12\/COVID-Consignes-et-recommandations-06.12.21-300x300.png\" alt=\"\" width=\"390\" height=\"390\" \/><\/a><\/p>\n<p>&nbsp;<\/p>\n","protected":false},"excerpt":{"rendered":"<p>Dans la foul\u00e9e des derni\u00e8res annonces du Conseil F\u00e9d\u00e9ral, le contr\u00f4le du certificat covid est obligatoire pour les plus de 16 ans afin de pouvoir participer aux entra\u00eenements, \u00e0 partir du 6 d\u00e9cembre prochain.<\/p>\n","protected":false},"author":3,"featured_media":19632,"comment_status":"open","ping_status":"open","sticky":false,"template":"","format":"standard","meta":{"_et_pb_use_builder":"","_et_pb_old_content":"","_et_gb_content_width":"","footnotes":""},"categories":[65,32,54,33,48],"tags":[],"class_list":["post-19631","post","type-post","status-publish","format-standard","has-post-thumbnail","hentry","category-entrainements","category-horaires","category-initiations","category-ju-jitsu","category-judo"],"_links":{"self":[{"href":"https:\/\/www.judokwailausanne.ch\/index.php?rest_route=\/wp\/v2\/posts\/19631","targetHints":{"allow":["GET"]}}],"collection":[{"href":"https:\/\/www.judokwailausanne.ch\/index.php?rest_route=\/wp\/v2\/posts"}],"about":[{"href":"https:\/\/www.judokwailausanne.ch\/index.php?rest_route=\/wp\/v2\/types\/post"}],"author":[{"embeddable":true,"href":"https:\/\/www.judokwailausanne.ch\/index.php?rest_route=\/wp\/v2\/users\/3"}],"replies":[{"embeddable":true,"href":"https:\/\/www.judokwailausanne.ch\/index.php?rest_route=%2Fwp%2Fv2%2Fcomments&post=19631"}],"version-history":[{"count":2,"href":"https:\/\/www.judokwailausanne.ch\/index.php?rest_route=\/wp\/v2\/posts\/19631\/revisions"}],"predecessor-version":[{"id":19634,"href":"https:\/\/www.judokwailausanne.ch\/index.php?rest_route=\/wp\/v2\/posts\/19631\/revisions\/19634"}],"wp:featuredmedia":[{"embeddable":true,"href":"https:\/\/www.judokwailausanne.ch\/index.php?rest_route=\/wp\/v2\/media\/19632"}],"wp:attachment":[{"href":"https:\/\/www.judokwailausanne.ch\/index.php?rest_route=%2Fwp%2Fv2%2Fmedia&parent=19631"}],"wp:term":[{"taxonomy":"category","embeddable":true,"href":"https:\/\/www.judokwailausanne.ch\/index.php?rest_route=%2Fwp%2Fv2%2Fcategories&post=19631"},{"taxonomy":"post_tag","embeddable":true,"href":"https:\/\/www.judokwailausanne.ch\/index.php?rest_route=%2Fwp%2Fv2%2Ftags&post=19631"}],"curies":[{"name":"wp","href":"https:\/\/api.w.org\/{rel}","templated":true}]}}