{"id":21147,"date":"2022-06-11T18:28:46","date_gmt":"2022-06-11T16:28:46","guid":{"rendered":"https:\/\/www.judokwailausanne.ch\/?p=21147"},"modified":"2022-06-11T22:10:22","modified_gmt":"2022-06-11T20:10:22","slug":"examens-de-ju-jitsu-2-3-2","status":"publish","type":"post","link":"https:\/\/www.judokwailausanne.ch\/?p=21147","title":{"rendered":"Nouveaux DAN Judo"},"content":{"rendered":"<p>Arnaud Carrard et Esteban Piquerez (Ryokuhi-Club-Chavannes) r\u00e9ussissent leur examen de 2\u00e8me DAN de Judo.<br \/>\nBinta Ndiaye et Tania Joye r\u00e9ussissent leur examen de 1er DAN de Judo.<\/p>\n<p><!--more--><\/p>\n<p>Bravo \u00e0 eux et merci \u00e0 celles et ceux qui les ont pr\u00e9par\u00e9s !<\/p>\n<p><a href=\"https:\/\/www.judokwailausanne.ch\/cmsv3\/wp-content\/uploads\/2022\/06\/220611-examenDAN2.jpeg\" target=\"_blank\" rel=\"noopener\"><img fetchpriority=\"high\" fetchpriority=\"high\" decoding=\"async\" class=\"alignnone wp-image-21148 size-medium\" src=\"https:\/\/www.judokwailausanne.ch\/cmsv3\/wp-content\/uploads\/2022\/06\/220611-examenDAN2-225x300.jpeg\" alt=\"\" width=\"225\" height=\"300\" \/><\/a><\/p>\n<p><a href=\"https:\/\/www.judokwailausanne.ch\/cmsv3\/wp-content\/uploads\/2022\/06\/220611-examenDAN.jpeg\" target=\"_blank\" rel=\"noopener\"><img decoding=\"async\" class=\"alignnone wp-image-21149 size-medium\" src=\"https:\/\/www.judokwailausanne.ch\/cmsv3\/wp-content\/uploads\/2022\/06\/220611-examenDAN-300x225.jpeg\" alt=\"\" width=\"300\" height=\"225\" \/><\/a><\/p>\n","protected":false},"excerpt":{"rendered":"<p>Arnaud Carrard et Esteban Piquerez (Ryokuhi-Club-Chavannes) r\u00e9ussissent leur examen de 2\u00e8me DAN de Judo. Binta Ndiaye et Tania Joye r\u00e9ussissent leur examen de 1er DAN de Judo.<\/p>\n","protected":false},"author":3,"featured_media":21149,"comment_status":"open","ping_status":"open","sticky":false,"template":"","format":"standard","meta":{"_et_pb_use_builder":"","_et_pb_old_content":"","_et_gb_content_width":"","footnotes":""},"categories":[48],"tags":[],"class_list":["post-21147","post","type-post","status-publish","format-standard","has-post-thumbnail","hentry","category-judo"],"_links":{"self":[{"href":"https:\/\/www.judokwailausanne.ch\/index.php?rest_route=\/wp\/v2\/posts\/21147","targetHints":{"allow":["GET"]}}],"collection":[{"href":"https:\/\/www.judokwailausanne.ch\/index.php?rest_route=\/wp\/v2\/posts"}],"about":[{"href":"https:\/\/www.judokwailausanne.ch\/index.php?rest_route=\/wp\/v2\/types\/post"}],"author":[{"embeddable":true,"href":"https:\/\/www.judokwailausanne.ch\/index.php?rest_route=\/wp\/v2\/users\/3"}],"replies":[{"embeddable":true,"href":"https:\/\/www.judokwailausanne.ch\/index.php?rest_route=%2Fwp%2Fv2%2Fcomments&post=21147"}],"version-history":[{"count":4,"href":"https:\/\/www.judokwailausanne.ch\/index.php?rest_route=\/wp\/v2\/posts\/21147\/revisions"}],"predecessor-version":[{"id":21153,"href":"https:\/\/www.judokwailausanne.ch\/index.php?rest_route=\/wp\/v2\/posts\/21147\/revisions\/21153"}],"wp:featuredmedia":[{"embeddable":true,"href":"https:\/\/www.judokwailausanne.ch\/index.php?rest_route=\/wp\/v2\/media\/21149"}],"wp:attachment":[{"href":"https:\/\/www.judokwailausanne.ch\/index.php?rest_route=%2Fwp%2Fv2%2Fmedia&parent=21147"}],"wp:term":[{"taxonomy":"category","embeddable":true,"href":"https:\/\/www.judokwailausanne.ch\/index.php?rest_route=%2Fwp%2Fv2%2Fcategories&post=21147"},{"taxonomy":"post_tag","embeddable":true,"href":"https:\/\/www.judokwailausanne.ch\/index.php?rest_route=%2Fwp%2Fv2%2Ftags&post=21147"}],"curies":[{"name":"wp","href":"https:\/\/api.w.org\/{rel}","templated":true}]}}