{"id":22501,"date":"2022-10-23T09:26:30","date_gmt":"2022-10-23T07:26:30","guid":{"rendered":"https:\/\/www.judokwailausanne.ch\/?p=22501"},"modified":"2022-10-23T12:06:00","modified_gmt":"2022-10-23T10:06:00","slug":"lnb2lna","status":"publish","type":"post","link":"https:\/\/www.judokwailausanne.ch\/?p=22501","title":{"rendered":"L&rsquo;\u00e9quipe Masculine en LNA l&rsquo;an prochain!"},"content":{"rendered":"<p>Ce samedi 22 octobre avait lieu le 4\u00e8me tour de LNB. Notre \u00e9quipe masculine combattait et \u00e0 l&rsquo;issue se qualifie pour la LNA la saison prochaine.<br \/>\n<!--more--><br \/>\nLe tour qui a eu lieu samedi \u00e0 Bienne a donn\u00e9 lieu \u00e0 de tr\u00e8s bon combats contre le Team Gen\u00e8ve et le Team Biel-Lyss.<br \/>\nBravo \u00e0 tous et notamment Francis le coach qui a d\u00fb g\u00e9rer une concurrence tr\u00e8s relev\u00e9e toute la saison.<\/p>\n<p>A noter une belle participation des fans du JKL, et notamment plusieurs repr\u00e9sentants du <a href=\"http:\/\/club100.judokwailausanne.ch\/\">Club des 100 du JKL<\/a>, qui sont venus encourager notre \u00e9quipe.<br \/>\nRendez-vous le 29 octobre pour le final 4 de notre \u00e9quipe dame \u00e0 Neuchatel.<\/p>\n<p><a href=\"https:\/\/www.judokwailausanne.ch\/cmsv3\/wp-content\/uploads\/2022\/10\/WhatsApp-Image-2022-10-22-at-16.53.57.jpeg\" target=\"_blank\" rel=\"noopener\"><img fetchpriority=\"high\" fetchpriority=\"high\" decoding=\"async\" class=\"aligncenter wp-image-22506 size-medium\" src=\"https:\/\/www.judokwailausanne.ch\/cmsv3\/wp-content\/uploads\/2022\/10\/WhatsApp-Image-2022-10-22-at-16.53.57-300x169.jpeg\" alt=\"\" width=\"300\" height=\"169\" \/><\/a><\/p>\n<p><a href=\"https:\/\/www.judokwailausanne.ch\/cmsv3\/wp-content\/uploads\/2022\/10\/WhatsApp-Image-2022-10-22-at-16.48.34.jpeg\" target=\"_blank\" rel=\"noopener\"><img decoding=\"async\" class=\"aligncenter wp-image-22505 size-medium\" src=\"https:\/\/www.judokwailausanne.ch\/cmsv3\/wp-content\/uploads\/2022\/10\/WhatsApp-Image-2022-10-22-at-16.48.34-300x169.jpeg\" alt=\"\" width=\"300\" height=\"169\" \/><\/a><\/p>\n","protected":false},"excerpt":{"rendered":"<p>Ce samedi 22 octobre avait lieu le 4\u00e8me tour de LNB. Notre \u00e9quipe masculine combattait et \u00e0 l&rsquo;issue se qualifie pour la LNA la saison prochaine.<\/p>\n","protected":false},"author":3,"featured_media":22503,"comment_status":"open","ping_status":"open","sticky":false,"template":"","format":"standard","meta":{"_et_pb_use_builder":"","_et_pb_old_content":"","_et_gb_content_width":"","footnotes":""},"categories":[63,22,48],"tags":[],"class_list":["post-22501","post","type-post","status-publish","format-standard","has-post-thumbnail","hentry","category-competition","category-equipe-competition","category-judo"],"_links":{"self":[{"href":"https:\/\/www.judokwailausanne.ch\/index.php?rest_route=\/wp\/v2\/posts\/22501","targetHints":{"allow":["GET"]}}],"collection":[{"href":"https:\/\/www.judokwailausanne.ch\/index.php?rest_route=\/wp\/v2\/posts"}],"about":[{"href":"https:\/\/www.judokwailausanne.ch\/index.php?rest_route=\/wp\/v2\/types\/post"}],"author":[{"embeddable":true,"href":"https:\/\/www.judokwailausanne.ch\/index.php?rest_route=\/wp\/v2\/users\/3"}],"replies":[{"embeddable":true,"href":"https:\/\/www.judokwailausanne.ch\/index.php?rest_route=%2Fwp%2Fv2%2Fcomments&post=22501"}],"version-history":[{"count":5,"href":"https:\/\/www.judokwailausanne.ch\/index.php?rest_route=\/wp\/v2\/posts\/22501\/revisions"}],"predecessor-version":[{"id":22509,"href":"https:\/\/www.judokwailausanne.ch\/index.php?rest_route=\/wp\/v2\/posts\/22501\/revisions\/22509"}],"wp:featuredmedia":[{"embeddable":true,"href":"https:\/\/www.judokwailausanne.ch\/index.php?rest_route=\/wp\/v2\/media\/22503"}],"wp:attachment":[{"href":"https:\/\/www.judokwailausanne.ch\/index.php?rest_route=%2Fwp%2Fv2%2Fmedia&parent=22501"}],"wp:term":[{"taxonomy":"category","embeddable":true,"href":"https:\/\/www.judokwailausanne.ch\/index.php?rest_route=%2Fwp%2Fv2%2Fcategories&post=22501"},{"taxonomy":"post_tag","embeddable":true,"href":"https:\/\/www.judokwailausanne.ch\/index.php?rest_route=%2Fwp%2Fv2%2Ftags&post=22501"}],"curies":[{"name":"wp","href":"https:\/\/api.w.org\/{rel}","templated":true}]}}