{"id":22928,"date":"2022-12-12T11:37:30","date_gmt":"2022-12-12T10:37:30","guid":{"rendered":"https:\/\/www.judokwailausanne.ch\/?p=22928"},"modified":"2022-12-12T11:37:30","modified_gmt":"2022-12-12T10:37:30","slug":"patrick-diemand-nouvel-instructeur-de-kuatsu","status":"publish","type":"post","link":"https:\/\/www.judokwailausanne.ch\/?p=22928","title":{"rendered":"Patrick Di\u00e9mand, nouvel instructeur de Kuatsu"},"content":{"rendered":"<div class=\"x11i5rnm xat24cr x1mh8g0r x1vvkbs xdj266r x126k92a\">\n<div dir=\"auto\">Bravo \u00e0 Patrick Di\u00e9mand, membre du JKL, qui vient de r\u00e9ussir l&rsquo;examen pour les nouveaux instructeurs et les nouvelles instructrices de Kuatsu!<\/div>\n<\/div>\n<div class=\"x11i5rnm xat24cr x1mh8g0r x1vvkbs xtlvy1s x126k92a\">\n<div dir=\"auto\">Plus d&rsquo;infos ici : <a class=\"x1i10hfl xjbqb8w x6umtig x1b1mbwd xaqea5y xav7gou x9f619 x1ypdohk xt0psk2 xe8uvvx xdj266r x11i5rnm xat24cr x1mh8g0r xexx8yu x4uap5 x18d9i69 xkhd6sd x16tdsg8 x1hl2dhg xggy1nq x1a2a7pz xt0b8zv x1fey0fg\" tabindex=\"0\" role=\"link\" href=\"https:\/\/sjv.ch\/fr\/page-daccueil\/news-detail?id=3955&amp;fbclid=IwAR2mUthCRWJ9ADRE-A4wMDxYglyQsIA1mYpQbhkRvlZzGuwYfrVBs-mXf5k\" target=\"_blank\" rel=\"nofollow noopener\">https:\/\/sjv.ch\/fr\/page-daccueil\/news-detail?id=3955<\/a><img fetchpriority=\"high\" fetchpriority=\"high\" decoding=\"async\" class=\"aligncenter size-large wp-image-22929\" src=\"https:\/\/www.judokwailausanne.ch\/cmsv3\/wp-content\/uploads\/2022\/12\/09.12.22-Sept-nouveaux-instructeurs-et-nouvelles-instructrices-de-Kuatsu-Detailbild-1024x619.jpg\" alt=\"\" width=\"1024\" height=\"619\" srcset=\"https:\/\/www.judokwailausanne.ch\/cmsv3\/wp-content\/uploads\/2022\/12\/09.12.22-Sept-nouveaux-instructeurs-et-nouvelles-instructrices-de-Kuatsu-Detailbild-1024x619.jpg 1024w, https:\/\/www.judokwailausanne.ch\/cmsv3\/wp-content\/uploads\/2022\/12\/09.12.22-Sept-nouveaux-instructeurs-et-nouvelles-instructrices-de-Kuatsu-Detailbild-980x593.jpg 980w, https:\/\/www.judokwailausanne.ch\/cmsv3\/wp-content\/uploads\/2022\/12\/09.12.22-Sept-nouveaux-instructeurs-et-nouvelles-instructrices-de-Kuatsu-Detailbild-480x290.jpg 480w\" sizes=\"(min-width: 0px) and (max-width: 480px) 480px, (min-width: 481px) and (max-width: 980px) 980px, (min-width: 981px) 1024px, 100vw\" \/><\/div>\n<\/div>\n","protected":false},"excerpt":{"rendered":"<p>Bravo \u00e0 Patrick Di\u00e9mand, membre du JKL, qui vient de r\u00e9ussir l&rsquo;examen pour les nouveaux instructeurs et les nouvelles instructrices de Kuatsu! Plus d&rsquo;infos ici : https:\/\/sjv.ch\/fr\/page-daccueil\/news-detail?id=3955<\/p>\n","protected":false},"author":10,"featured_media":22929,"comment_status":"open","ping_status":"open","sticky":false,"template":"","format":"standard","meta":{"_et_pb_use_builder":"","_et_pb_old_content":"","_et_gb_content_width":"","footnotes":""},"categories":[55],"tags":[],"class_list":["post-22928","post","type-post","status-publish","format-standard","has-post-thumbnail","hentry","category-vie-du-jkl"],"_links":{"self":[{"href":"https:\/\/www.judokwailausanne.ch\/index.php?rest_route=\/wp\/v2\/posts\/22928","targetHints":{"allow":["GET"]}}],"collection":[{"href":"https:\/\/www.judokwailausanne.ch\/index.php?rest_route=\/wp\/v2\/posts"}],"about":[{"href":"https:\/\/www.judokwailausanne.ch\/index.php?rest_route=\/wp\/v2\/types\/post"}],"author":[{"embeddable":true,"href":"https:\/\/www.judokwailausanne.ch\/index.php?rest_route=\/wp\/v2\/users\/10"}],"replies":[{"embeddable":true,"href":"https:\/\/www.judokwailausanne.ch\/index.php?rest_route=%2Fwp%2Fv2%2Fcomments&post=22928"}],"version-history":[{"count":1,"href":"https:\/\/www.judokwailausanne.ch\/index.php?rest_route=\/wp\/v2\/posts\/22928\/revisions"}],"predecessor-version":[{"id":22930,"href":"https:\/\/www.judokwailausanne.ch\/index.php?rest_route=\/wp\/v2\/posts\/22928\/revisions\/22930"}],"wp:featuredmedia":[{"embeddable":true,"href":"https:\/\/www.judokwailausanne.ch\/index.php?rest_route=\/wp\/v2\/media\/22929"}],"wp:attachment":[{"href":"https:\/\/www.judokwailausanne.ch\/index.php?rest_route=%2Fwp%2Fv2%2Fmedia&parent=22928"}],"wp:term":[{"taxonomy":"category","embeddable":true,"href":"https:\/\/www.judokwailausanne.ch\/index.php?rest_route=%2Fwp%2Fv2%2Fcategories&post=22928"},{"taxonomy":"post_tag","embeddable":true,"href":"https:\/\/www.judokwailausanne.ch\/index.php?rest_route=%2Fwp%2Fv2%2Ftags&post=22928"}],"curies":[{"name":"wp","href":"https:\/\/api.w.org\/{rel}","templated":true}]}}