{"id":23316,"date":"2023-02-25T13:46:27","date_gmt":"2023-02-25T12:46:27","guid":{"rendered":"https:\/\/www.judokwailausanne.ch\/?p=23316"},"modified":"2023-02-25T13:52:03","modified_gmt":"2023-02-25T12:52:03","slug":"tournoi-par-equipe-des-ecoliers-a-cortaillod","status":"publish","type":"post","link":"https:\/\/www.judokwailausanne.ch\/?p=23316","title":{"rendered":"Tournoi par \u00e9quipe des \u00e9coliers \u00e0 Cortaillod"},"content":{"rendered":"<p>Ce weekend, le JKL est venu en renfort \u00e0 Cortaillod pour une comp\u00e9tition par \u00e9quipe. Que de beaux combats !\u2728\ud83c\udf89\u2728<\/p>\n<p>Bravo aux 22 enfants, 17 accompagnants (coachs et parents !) et un grand merci au JC Cortaillod pour la superbe organisation!<\/p>\n<p>Enfin, merci \u00e0 Stevic Transport pour avoir soutenu l&rsquo;\u00e9quipe \u00e0 l&rsquo;aller comme au retour \ud83d\ude09<\/p>\n","protected":false},"excerpt":{"rendered":"<p>Ce weekend, le JKL est venu en renfort \u00e0 Cortaillod pour une comp\u00e9tition par \u00e9quipe. Que de beaux combats !\u2728\ud83c\udf89\u2728 Bravo aux 22 enfants, 17 accompagnants (coachs et parents !) et un grand merci au JC Cortaillod pour la superbe organisation! Enfin, merci \u00e0 Stevic Transport pour avoir soutenu l&rsquo;\u00e9quipe \u00e0 l&rsquo;aller comme au retour [&hellip;]<\/p>\n","protected":false},"author":25,"featured_media":23321,"comment_status":"open","ping_status":"open","sticky":false,"template":"","format":"standard","meta":{"_et_pb_use_builder":"","_et_pb_old_content":"","_et_gb_content_width":"","footnotes":""},"categories":[63,22,48,24],"tags":[],"class_list":["post-23316","post","type-post","status-publish","format-standard","has-post-thumbnail","hentry","category-competition","category-equipe-competition","category-judo","category-tournoi-enfant"],"_links":{"self":[{"href":"https:\/\/www.judokwailausanne.ch\/index.php?rest_route=\/wp\/v2\/posts\/23316","targetHints":{"allow":["GET"]}}],"collection":[{"href":"https:\/\/www.judokwailausanne.ch\/index.php?rest_route=\/wp\/v2\/posts"}],"about":[{"href":"https:\/\/www.judokwailausanne.ch\/index.php?rest_route=\/wp\/v2\/types\/post"}],"author":[{"embeddable":true,"href":"https:\/\/www.judokwailausanne.ch\/index.php?rest_route=\/wp\/v2\/users\/25"}],"replies":[{"embeddable":true,"href":"https:\/\/www.judokwailausanne.ch\/index.php?rest_route=%2Fwp%2Fv2%2Fcomments&post=23316"}],"version-history":[{"count":5,"href":"https:\/\/www.judokwailausanne.ch\/index.php?rest_route=\/wp\/v2\/posts\/23316\/revisions"}],"predecessor-version":[{"id":23322,"href":"https:\/\/www.judokwailausanne.ch\/index.php?rest_route=\/wp\/v2\/posts\/23316\/revisions\/23322"}],"wp:featuredmedia":[{"embeddable":true,"href":"https:\/\/www.judokwailausanne.ch\/index.php?rest_route=\/wp\/v2\/media\/23321"}],"wp:attachment":[{"href":"https:\/\/www.judokwailausanne.ch\/index.php?rest_route=%2Fwp%2Fv2%2Fmedia&parent=23316"}],"wp:term":[{"taxonomy":"category","embeddable":true,"href":"https:\/\/www.judokwailausanne.ch\/index.php?rest_route=%2Fwp%2Fv2%2Fcategories&post=23316"},{"taxonomy":"post_tag","embeddable":true,"href":"https:\/\/www.judokwailausanne.ch\/index.php?rest_route=%2Fwp%2Fv2%2Ftags&post=23316"}],"curies":[{"name":"wp","href":"https:\/\/api.w.org\/{rel}","templated":true}]}}