{"id":23447,"date":"2023-03-23T08:16:26","date_gmt":"2023-03-23T07:16:26","guid":{"rendered":"https:\/\/www.judokwailausanne.ch\/?p=23447"},"modified":"2023-03-24T15:52:24","modified_gmt":"2023-03-24T14:52:24","slug":"23447","status":"publish","type":"post","link":"https:\/\/www.judokwailausanne.ch\/?p=23447","title":{"rendered":"Travaux piscine Mon Repos"},"content":{"rendered":"<p>Chers\/\u00e8res membres, chers Parents de membres du Judo Kwai Lausanne,<\/p>\n<p>A partir de la fin du mois de mars, d\u2019importants travaux vont d\u00e9marrer \u00e0 la piscine de Mon Repos, pour une dur\u00e9e de 9 mois. Tous les vestiaires seront compl\u00e9tement refaits et modernis\u00e9s, la Ville profitera \u00e9galement de changer les fen\u00eatres du dojo afin d\u2019agrandir la surface d\u2019a\u00e9ration.<\/p>\n<p>Si la finalit\u00e9 de ces travaux est positive pour le club est ses membres, ils engendreront des d\u00e9sagr\u00e9ments durant les 9 mois de chantier.<\/p>\n<p>Cependant,\u00a0tous les cours du Judo Kwai Lausanne seront maintenus pendant toute la dur\u00e9e des travaux.<\/p>\n<p>D\u00e8s le d\u00e9but des travaux, des vestiaires provisoires seront install\u00e9s sur la galerie de la piscine, en face du dojo. Des toilettes provisoires seront disponibles du c\u00f4t\u00e9 du restaurant de la piscine. Les membres de l\u2019encadrement pr\u00e9sents lors des cours de judo accompagneront vos enfants vers ces installations provisoires les premi\u00e8res fois. Malheureusement, il n\u2019y aura plus la possibilit\u00e9 de se doucher durant les travaux, toutes les arriv\u00e9es d\u2019eau seront coup\u00e9es. Finalement, la Ville nous a assur\u00e9 que les places de parc devant le dojo resteront disponibles, la circulation le long de l\u2019avenue du Tribunal F\u00e9d\u00e9ral restant ouverte.<\/p>\n<p>L\u2019encadrement du Judo Kwai Lausanne se tient \u00e0 votre disposition pour toute question sur le sujet, en direct \u00e0 la fin des cours ou via email \u00e0 l\u2019adresse habituelle\u00a0<a href=\"mailto:info@judokwailausanne.ch\" target=\"_blank\" rel=\"noopener\">info@<wbr \/>judokwailausanne.ch<\/a>.<\/p>\n<p>Un grand merci pour votre fid\u00e9lit\u00e9\u00a0!<\/p>\n<p>Au nom du comit\u00e9 directeur,<\/p>\n<p>David Sueur<\/p>\n","protected":false},"excerpt":{"rendered":"<p>Chers\/\u00e8res membres, chers Parents de membres du Judo Kwai Lausanne, A partir de la fin du mois de mars, d\u2019importants travaux vont d\u00e9marrer \u00e0 la piscine de Mon Repos, pour une dur\u00e9e de 9 mois. Tous les vestiaires seront compl\u00e9tement refaits et modernis\u00e9s, la Ville profitera \u00e9galement de changer les fen\u00eatres du dojo afin d\u2019agrandir [&hellip;]<\/p>\n","protected":false},"author":25,"featured_media":23448,"comment_status":"open","ping_status":"open","sticky":false,"template":"","format":"standard","meta":{"_et_pb_use_builder":"","_et_pb_old_content":"","_et_gb_content_width":"","footnotes":""},"categories":[55],"tags":[],"class_list":["post-23447","post","type-post","status-publish","format-standard","has-post-thumbnail","hentry","category-vie-du-jkl"],"_links":{"self":[{"href":"https:\/\/www.judokwailausanne.ch\/index.php?rest_route=\/wp\/v2\/posts\/23447","targetHints":{"allow":["GET"]}}],"collection":[{"href":"https:\/\/www.judokwailausanne.ch\/index.php?rest_route=\/wp\/v2\/posts"}],"about":[{"href":"https:\/\/www.judokwailausanne.ch\/index.php?rest_route=\/wp\/v2\/types\/post"}],"author":[{"embeddable":true,"href":"https:\/\/www.judokwailausanne.ch\/index.php?rest_route=\/wp\/v2\/users\/25"}],"replies":[{"embeddable":true,"href":"https:\/\/www.judokwailausanne.ch\/index.php?rest_route=%2Fwp%2Fv2%2Fcomments&post=23447"}],"version-history":[{"count":2,"href":"https:\/\/www.judokwailausanne.ch\/index.php?rest_route=\/wp\/v2\/posts\/23447\/revisions"}],"predecessor-version":[{"id":23461,"href":"https:\/\/www.judokwailausanne.ch\/index.php?rest_route=\/wp\/v2\/posts\/23447\/revisions\/23461"}],"wp:featuredmedia":[{"embeddable":true,"href":"https:\/\/www.judokwailausanne.ch\/index.php?rest_route=\/wp\/v2\/media\/23448"}],"wp:attachment":[{"href":"https:\/\/www.judokwailausanne.ch\/index.php?rest_route=%2Fwp%2Fv2%2Fmedia&parent=23447"}],"wp:term":[{"taxonomy":"category","embeddable":true,"href":"https:\/\/www.judokwailausanne.ch\/index.php?rest_route=%2Fwp%2Fv2%2Fcategories&post=23447"},{"taxonomy":"post_tag","embeddable":true,"href":"https:\/\/www.judokwailausanne.ch\/index.php?rest_route=%2Fwp%2Fv2%2Ftags&post=23447"}],"curies":[{"name":"wp","href":"https:\/\/api.w.org\/{rel}","templated":true}]}}