{"id":24134,"date":"2023-09-04T13:58:28","date_gmt":"2023-09-04T11:58:28","guid":{"rendered":"https:\/\/www.judokwailausanne.ch\/?p=24134"},"modified":"2023-09-09T12:53:46","modified_gmt":"2023-09-09T10:53:46","slug":"lna-2023-tour2et4","status":"publish","type":"post","link":"https:\/\/www.judokwailausanne.ch\/?p=24134","title":{"rendered":"NEWS LNA &#8211; en route pour le Final 4 !"},"content":{"rendered":"<h3>Nos deux \u00e9quipes en finale : venez les encourager le 11 novembre \u00e0 Neuch\u00e2tel !<br \/>\n<!--more--><\/h3>\n<p>Les Girls du <a href=\"https:\/\/www.judokwailausanne.ch\/cmsv3\/wp-content\/uploads\/2023\/08\/Affiche-2eme-tour-Taiga.pdf\">JKL-Taiga<\/a> retrouvaient leurs quatre adversaires &#8211; Judo Club Stade Lausanne, Judo Club Cortaillod, Judo Club Uster et Judo Kwai Oensingen &#8211; \u00e0 Uster ce samedi 2 septembre. Parmi les cinq \u00e9quipes engag\u00e9es, quatre se retrouveront au Final4, le 11 novembre prochain. Tout \u00e9tait encore ouvert apr\u00e8s le tour du mois de mars.<\/p>\n<p>D\u00e8s l&rsquo;entame, les Taiga\u00a0se sont frott\u00e9s aux combattantes de Cortaillod et ont d\u00fb courber\u00a0l&rsquo;\u00e9chine 4-6. Un d\u00e9but de journ\u00e9e compliqu\u00e9 face \u00e0 des adversaires de grande qualit\u00e9.<\/p>\n<p>Lors de leur 2\u00e8me rencontre contre Oensingen, les Lausannoises ont montr\u00e9 une force de caract\u00e8re remarquable en gagnant 6-4. Dans la foul\u00e9e, nos Taiga se sont d\u00e9faites des combattantes techniques et tactiques du Judo Club Stade Lausanne, premi\u00e8re au classement, sur le score de 6-4. Un tr\u00e8s beau derby lausannois en terre zurichoise ! La journ\u00e9e s&rsquo;est termin\u00e9e par une courte d\u00e9faite (4-6) contre les championnes suisses en titre du Judo Club Uster.<\/p>\n<p>Avec 6 points accumul\u00e9s ce samedi, les\u00a0<a href=\"https:\/\/www.judokwailausanne.ch\/cmsv3\/wp-content\/uploads\/2023\/08\/Affiche-2eme-tour-Taiga.pdf\">JKL-Taiga<\/a> se retrouvent 3\u00e8me au classement et assurent leur place pour le Final4 du 11 novembre \u00e0 Neuch\u00e2tel o\u00f9 le seul objectif sera le titre de championnes suisses. Elles en ont les moyens, le caract\u00e8re et l&rsquo;envie !<\/p>\n<p>&nbsp;<br \/>\n<HR><\/p>\n<p>Les Boys du <a href=\"https:\/\/www.judokwailausanne.ch\/cmsv3\/wp-content\/uploads\/2023\/08\/Affiche-4eme-tour-H1.pdf\">JKL-H1<\/a> \u00e9taient oppos\u00e9s au Judo Club D\u00e9gailler\u00a0(Yverdon) et au Judo Nippon Berne pour ce 4\u00e8me et dernier tour qualificatif dans le dojo de nos amis yverdonnois.<\/p>\n<p>Apr\u00e8s une belle entame contre l&rsquo;\u00e9quipe bernoise vaincue 8-6, nos boys ont tr\u00e9buch\u00e9 sur les Yverdonnois avec la plus petite des marques (6-8). Piqu\u00e9s au c\u0153ur, la r\u00e9action a \u00e9t\u00e9 imm\u00e9diate lors des rencontres retour : victoire 8-6 contre les Bernois et sur le m\u00eame score contre les Yverdonnois.<\/p>\n<p>Le\u00a0<a href=\"https:\/\/www.judokwailausanne.ch\/cmsv3\/wp-content\/uploads\/2023\/08\/Affiche-4eme-tour-H1.pdf\">JKL-H1<\/a>\u00a0termine ainsi au 1er rang du classement et se positionne comme un r\u00e9el pr\u00e9tendant au titre de champion\u00a0suisse. Reste \u00e0 confirmer ce statut lors du Final4 le 11 novembre \u00e0 Neuch\u00e2tel. La qualit\u00e9, le talent et l&rsquo;envie sont pr\u00e9sents, il ne reste plus qu&rsquo;\u00e0 transformer l&rsquo;essai pour ramener le titre dans notre belle contr\u00e9e.<\/p>\n<p>VENEZ LES SOUTENIR A NEUCHATEL LE 11 NOVEMBRE PROCHAIN !<\/p>\n<p>David Sueur<\/p>\n","protected":false},"excerpt":{"rendered":"<p>Nos deux \u00e9quipes en finale : venez les encourager le 11 novembre \u00e0 Neuch\u00e2tel !<\/p>\n","protected":false},"author":6,"featured_media":24141,"comment_status":"open","ping_status":"open","sticky":false,"template":"","format":"standard","meta":{"_et_pb_use_builder":"off","_et_pb_old_content":"","_et_gb_content_width":"","footnotes":""},"categories":[63,22,48],"tags":[93,92],"class_list":["post-24134","post","type-post","status-publish","format-standard","has-post-thumbnail","hentry","category-competition","category-equipe-competition","category-judo","tag-hommes","tag-lna"],"_links":{"self":[{"href":"https:\/\/www.judokwailausanne.ch\/index.php?rest_route=\/wp\/v2\/posts\/24134","targetHints":{"allow":["GET"]}}],"collection":[{"href":"https:\/\/www.judokwailausanne.ch\/index.php?rest_route=\/wp\/v2\/posts"}],"about":[{"href":"https:\/\/www.judokwailausanne.ch\/index.php?rest_route=\/wp\/v2\/types\/post"}],"author":[{"embeddable":true,"href":"https:\/\/www.judokwailausanne.ch\/index.php?rest_route=\/wp\/v2\/users\/6"}],"replies":[{"embeddable":true,"href":"https:\/\/www.judokwailausanne.ch\/index.php?rest_route=%2Fwp%2Fv2%2Fcomments&post=24134"}],"version-history":[{"count":5,"href":"https:\/\/www.judokwailausanne.ch\/index.php?rest_route=\/wp\/v2\/posts\/24134\/revisions"}],"predecessor-version":[{"id":24171,"href":"https:\/\/www.judokwailausanne.ch\/index.php?rest_route=\/wp\/v2\/posts\/24134\/revisions\/24171"}],"wp:featuredmedia":[{"embeddable":true,"href":"https:\/\/www.judokwailausanne.ch\/index.php?rest_route=\/wp\/v2\/media\/24141"}],"wp:attachment":[{"href":"https:\/\/www.judokwailausanne.ch\/index.php?rest_route=%2Fwp%2Fv2%2Fmedia&parent=24134"}],"wp:term":[{"taxonomy":"category","embeddable":true,"href":"https:\/\/www.judokwailausanne.ch\/index.php?rest_route=%2Fwp%2Fv2%2Fcategories&post=24134"},{"taxonomy":"post_tag","embeddable":true,"href":"https:\/\/www.judokwailausanne.ch\/index.php?rest_route=%2Fwp%2Fv2%2Ftags&post=24134"}],"curies":[{"name":"wp","href":"https:\/\/api.w.org\/{rel}","templated":true}]}}