{"id":24314,"date":"2023-10-06T19:12:00","date_gmt":"2023-10-06T17:12:00","guid":{"rendered":"https:\/\/www.judokwailausanne.ch\/?p=24314"},"modified":"2024-01-25T08:14:18","modified_gmt":"2024-01-25T07:14:18","slug":"cours-de-jujitsu-durant-les-vacances-dete-2-2-2-2-2","status":"publish","type":"post","link":"https:\/\/www.judokwailausanne.ch\/?p=24314","title":{"rendered":"Nathalie Bachmann : arbitre en national B !"},"content":{"rendered":"<p style=\"font-weight: 400;\">Nathalie Bachmann, la maman de Ga\u00ebtan, combattant de notre \u00e9quipe Homme LNA, a pass\u00e9 avec succ\u00e8s son examen pour devenir arbitre national B.<\/p>\n<p style=\"font-weight: 400;\">Un immense bravo \u00e0 elle pour cette belle r\u00e9ussite !<\/p>\n<p>Plus infos sur le site de la FSJJ:<\/p>\n<p><a href=\"https:\/\/sjv.ch\/home\/detailview\/article\/111436\/eyJlIjoiMjIxNzM4IiwiaSI6bnVsbH0=\" data-saferedirecturl=\"https:\/\/www.google.com\/url?q=https:\/\/sjv.ch\/home\/detailview\/article\/111436\/eyJlIjoiMjIxNzM4IiwiaSI6bnVsbH0%3D&amp;source=gmail&amp;ust=1696698312455000&amp;usg=AOvVaw04sWj3UrPHTG7HzehMif7g\">https:\/\/sjv.ch\/home\/detailview\/article\/111436\/eyJlIjoiMjIxNzM4IiwiaSI6bnVsbH0=<\/a><\/p>\n","protected":false},"excerpt":{"rendered":"<p>Nathalie Bachmann, la maman de Ga\u00ebtan, combattant de notre \u00e9quipe Homme LNA, a pass\u00e9 avec succ\u00e8s son examen pour devenir arbitre national B. Un immense bravo \u00e0 elle pour cette belle r\u00e9ussite ! Plus infos sur le site de la FSJJ: https:\/\/sjv.ch\/home\/detailview\/article\/111436\/eyJlIjoiMjIxNzM4IiwiaSI6bnVsbH0=<\/p>\n","protected":false},"author":25,"featured_media":24315,"comment_status":"open","ping_status":"open","sticky":false,"template":"","format":"video","meta":{"_et_pb_use_builder":"","_et_pb_old_content":"","_et_gb_content_width":"","footnotes":""},"categories":[35,65,48],"tags":[],"class_list":["post-24314","post","type-post","status-publish","format-video","has-post-thumbnail","hentry","category-cours-differents","category-entrainements","category-judo","post_format-post-format-video"],"_links":{"self":[{"href":"https:\/\/www.judokwailausanne.ch\/index.php?rest_route=\/wp\/v2\/posts\/24314","targetHints":{"allow":["GET"]}}],"collection":[{"href":"https:\/\/www.judokwailausanne.ch\/index.php?rest_route=\/wp\/v2\/posts"}],"about":[{"href":"https:\/\/www.judokwailausanne.ch\/index.php?rest_route=\/wp\/v2\/types\/post"}],"author":[{"embeddable":true,"href":"https:\/\/www.judokwailausanne.ch\/index.php?rest_route=\/wp\/v2\/users\/25"}],"replies":[{"embeddable":true,"href":"https:\/\/www.judokwailausanne.ch\/index.php?rest_route=%2Fwp%2Fv2%2Fcomments&post=24314"}],"version-history":[{"count":3,"href":"https:\/\/www.judokwailausanne.ch\/index.php?rest_route=\/wp\/v2\/posts\/24314\/revisions"}],"predecessor-version":[{"id":24318,"href":"https:\/\/www.judokwailausanne.ch\/index.php?rest_route=\/wp\/v2\/posts\/24314\/revisions\/24318"}],"wp:featuredmedia":[{"embeddable":true,"href":"https:\/\/www.judokwailausanne.ch\/index.php?rest_route=\/wp\/v2\/media\/24315"}],"wp:attachment":[{"href":"https:\/\/www.judokwailausanne.ch\/index.php?rest_route=%2Fwp%2Fv2%2Fmedia&parent=24314"}],"wp:term":[{"taxonomy":"category","embeddable":true,"href":"https:\/\/www.judokwailausanne.ch\/index.php?rest_route=%2Fwp%2Fv2%2Fcategories&post=24314"},{"taxonomy":"post_tag","embeddable":true,"href":"https:\/\/www.judokwailausanne.ch\/index.php?rest_route=%2Fwp%2Fv2%2Ftags&post=24314"}],"curies":[{"name":"wp","href":"https:\/\/api.w.org\/{rel}","templated":true}]}}