{"id":24380,"date":"2023-11-01T21:46:38","date_gmt":"2023-11-01T20:46:38","guid":{"rendered":"https:\/\/www.judokwailausanne.ch\/?p=24380"},"modified":"2023-11-09T08:56:58","modified_gmt":"2023-11-09T07:56:58","slug":"lna-2023-tour2et4-2","status":"publish","type":"post","link":"https:\/\/www.judokwailausanne.ch\/?p=24380","title":{"rendered":"Finales hommes et femmes LNA le 11 nov \u00e0 Neuch\u00e2tel !"},"content":{"rendered":"<h3>Nos deux \u00e9quipes en finale : venez les encourager le 11 novembre \u00e0 Neuch\u00e2tel !<br \/>\n<!--more--><\/h3>\n<p>Le samedi 11 novembre prochain auront lieu les finales LNA pour nos \u00e9quipes hommes et femmes.\u00a0<strong>Le\u00a0JKL combat pour le titre national dans ces deux cat\u00e9gories !<\/strong><\/p>\n<p>Une chance unique de soutenir nos \u00e9quipes et de voir des combats de hauts niveaux !<\/p>\n<p><strong>Programme femmes :<\/strong><\/p>\n<ul>\n<li>14h00 : Demi-finale contre le JC Uster<\/li>\n<li>~16h30 : Finale pour la 3\u00e8me place<\/li>\n<li>18h15 : Finale\u00a0pour le titre<\/li>\n<li>19h30 : Remise des m\u00e9dailles<\/li>\n<\/ul>\n<p><strong>Programme hommes\u00a0:<\/strong><\/p>\n<ul>\n<li>15h00 :\u00a0Demi-finale contre le JJJC Brugg<\/li>\n<li>~17h00 : Finale pour la 3\u00e8me place<\/li>\n<li>~18h45 : Finale\u00a0pour le titre<\/li>\n<li>~19h30 : Remise des m\u00e9dailles<\/li>\n<\/ul>\n<p><strong>Lieu de la comp\u00e9tition<\/strong>\u00a0:\u00a0Rue du Littoral 1, Salle de la Riveraine, 2000 Neuch\u00e2tel.<\/p>\n<p>De retour \u00e0 Lausanne, vers 21h30, une petite agape attendra les combattantes, les combattants et les accompagnants au dojo pour terminer en beaut\u00e9 cette belle ann\u00e9e de comp\u00e9tition par \u00e9quipe !<\/p>\n<p>Rejoignez le banc des supportrices et supporters. Mettez vos plus beaux t-shirts du JKL et venez toutes et tous soutenir nos \u00e9quipes !<\/p>\n<p>Pour celles et ceux qui ne peuvent pas se d\u00e9placer, la F\u00e9d\u00e9ration propose un <a href=\"https:\/\/sjv.ch\/final-4\">Live stream.<\/a><\/p>\n<p><img fetchpriority=\"high\" fetchpriority=\"high\" decoding=\"async\" class=\"aligncenter wp-image-24413 size-large\" src=\"https:\/\/www.judokwailausanne.ch\/cmsv3\/wp-content\/uploads\/2023\/11\/Finals_NLA-1024x618.jpg\" alt=\"\" width=\"1024\" height=\"618\" srcset=\"https:\/\/www.judokwailausanne.ch\/cmsv3\/wp-content\/uploads\/2023\/11\/Finals_NLA-980x592.jpg 980w, https:\/\/www.judokwailausanne.ch\/cmsv3\/wp-content\/uploads\/2023\/11\/Finals_NLA-480x290.jpg 480w\" sizes=\"(min-width: 0px) and (max-width: 480px) 480px, (min-width: 481px) and (max-width: 980px) 980px, (min-width: 981px) 1024px, 100vw\" \/><\/p>\n","protected":false},"excerpt":{"rendered":"<p>Nos deux \u00e9quipes en finale : venez les encourager le 11 novembre \u00e0 Neuch\u00e2tel !<\/p>\n","protected":false},"author":25,"featured_media":24382,"comment_status":"open","ping_status":"open","sticky":false,"template":"","format":"standard","meta":{"_et_pb_use_builder":"off","_et_pb_old_content":"","_et_gb_content_width":"","footnotes":""},"categories":[63,22,48],"tags":[93,92],"class_list":["post-24380","post","type-post","status-publish","format-standard","has-post-thumbnail","hentry","category-competition","category-equipe-competition","category-judo","tag-hommes","tag-lna"],"_links":{"self":[{"href":"https:\/\/www.judokwailausanne.ch\/index.php?rest_route=\/wp\/v2\/posts\/24380","targetHints":{"allow":["GET"]}}],"collection":[{"href":"https:\/\/www.judokwailausanne.ch\/index.php?rest_route=\/wp\/v2\/posts"}],"about":[{"href":"https:\/\/www.judokwailausanne.ch\/index.php?rest_route=\/wp\/v2\/types\/post"}],"author":[{"embeddable":true,"href":"https:\/\/www.judokwailausanne.ch\/index.php?rest_route=\/wp\/v2\/users\/25"}],"replies":[{"embeddable":true,"href":"https:\/\/www.judokwailausanne.ch\/index.php?rest_route=%2Fwp%2Fv2%2Fcomments&post=24380"}],"version-history":[{"count":4,"href":"https:\/\/www.judokwailausanne.ch\/index.php?rest_route=\/wp\/v2\/posts\/24380\/revisions"}],"predecessor-version":[{"id":24414,"href":"https:\/\/www.judokwailausanne.ch\/index.php?rest_route=\/wp\/v2\/posts\/24380\/revisions\/24414"}],"wp:featuredmedia":[{"embeddable":true,"href":"https:\/\/www.judokwailausanne.ch\/index.php?rest_route=\/wp\/v2\/media\/24382"}],"wp:attachment":[{"href":"https:\/\/www.judokwailausanne.ch\/index.php?rest_route=%2Fwp%2Fv2%2Fmedia&parent=24380"}],"wp:term":[{"taxonomy":"category","embeddable":true,"href":"https:\/\/www.judokwailausanne.ch\/index.php?rest_route=%2Fwp%2Fv2%2Fcategories&post=24380"},{"taxonomy":"post_tag","embeddable":true,"href":"https:\/\/www.judokwailausanne.ch\/index.php?rest_route=%2Fwp%2Fv2%2Ftags&post=24380"}],"curies":[{"name":"wp","href":"https:\/\/api.w.org\/{rel}","templated":true}]}}