{"id":24401,"date":"2023-11-07T13:30:26","date_gmt":"2023-11-07T12:30:26","guid":{"rendered":"https:\/\/www.judokwailausanne.ch\/?p=24401"},"modified":"2023-11-09T08:45:55","modified_gmt":"2023-11-09T07:45:55","slug":"lna-2023-tour2et4-2-2","status":"publish","type":"post","link":"https:\/\/www.judokwailausanne.ch\/?p=24401","title":{"rendered":"Podium aux Championnats Vaudois par \u00e9quipe!"},"content":{"rendered":"<h3>3\u00e8me aux Championnats Vaudois par \u00e9quipe !<\/h3>\n<p class=\"pf0\"><!--EndFragment --><!--more--><\/p>\n<p>Samedi 4 novembre se tenaient les Championnats Vaudois par \u00e9quipe \u00e0 Prangins.<\/p>\n<p>Les \u00e9quipes \u00e9taient form\u00e9es de combattants n\u00e9s en 2009, 2010 et 2011 et de cinq cat\u00e9gories de poids: -40kg, -45kg, -50kg, -55kg et +55kg. Huit formations \u00e9taient inscrites.<\/p>\n<p>Le JKL alignait 2 \u00e9quipes dont l&rsquo;une d&rsquo;entre elles monte sur la 3\u00e8me marche du podium !<\/p>\n<p>Tous les r\u00e9sultats de ce championnat des \u00e9coliers sont sur le <a href=\"https:\/\/www.judo-vaud.ch\/?p=10959\">site de l&rsquo;AVJJ<\/a>.<\/p>\n<p>Bravo \u00e0 tous les combattants !<\/p>\n","protected":false},"excerpt":{"rendered":"<p>3\u00e8me aux Championnats Vaudois par \u00e9quipe !<\/p>\n","protected":false},"author":25,"featured_media":24402,"comment_status":"open","ping_status":"open","sticky":false,"template":"","format":"standard","meta":{"_et_pb_use_builder":"off","_et_pb_old_content":"","_et_gb_content_width":"","footnotes":""},"categories":[63,22,48],"tags":[],"class_list":["post-24401","post","type-post","status-publish","format-standard","has-post-thumbnail","hentry","category-competition","category-equipe-competition","category-judo"],"_links":{"self":[{"href":"https:\/\/www.judokwailausanne.ch\/index.php?rest_route=\/wp\/v2\/posts\/24401","targetHints":{"allow":["GET"]}}],"collection":[{"href":"https:\/\/www.judokwailausanne.ch\/index.php?rest_route=\/wp\/v2\/posts"}],"about":[{"href":"https:\/\/www.judokwailausanne.ch\/index.php?rest_route=\/wp\/v2\/types\/post"}],"author":[{"embeddable":true,"href":"https:\/\/www.judokwailausanne.ch\/index.php?rest_route=\/wp\/v2\/users\/25"}],"replies":[{"embeddable":true,"href":"https:\/\/www.judokwailausanne.ch\/index.php?rest_route=%2Fwp%2Fv2%2Fcomments&post=24401"}],"version-history":[{"count":3,"href":"https:\/\/www.judokwailausanne.ch\/index.php?rest_route=\/wp\/v2\/posts\/24401\/revisions"}],"predecessor-version":[{"id":24405,"href":"https:\/\/www.judokwailausanne.ch\/index.php?rest_route=\/wp\/v2\/posts\/24401\/revisions\/24405"}],"wp:featuredmedia":[{"embeddable":true,"href":"https:\/\/www.judokwailausanne.ch\/index.php?rest_route=\/wp\/v2\/media\/24402"}],"wp:attachment":[{"href":"https:\/\/www.judokwailausanne.ch\/index.php?rest_route=%2Fwp%2Fv2%2Fmedia&parent=24401"}],"wp:term":[{"taxonomy":"category","embeddable":true,"href":"https:\/\/www.judokwailausanne.ch\/index.php?rest_route=%2Fwp%2Fv2%2Fcategories&post=24401"},{"taxonomy":"post_tag","embeddable":true,"href":"https:\/\/www.judokwailausanne.ch\/index.php?rest_route=%2Fwp%2Fv2%2Ftags&post=24401"}],"curies":[{"name":"wp","href":"https:\/\/api.w.org\/{rel}","templated":true}]}}