{"id":24447,"date":"2023-09-16T07:43:51","date_gmt":"2023-09-16T05:43:51","guid":{"rendered":"https:\/\/www.judokwailausanne.ch\/?p=24447"},"modified":"2023-11-16T07:50:20","modified_gmt":"2023-11-16T06:50:20","slug":"lna-2023-finale-2","status":"publish","type":"post","link":"https:\/\/www.judokwailausanne.ch\/?p=24447","title":{"rendered":"Valiant"},"content":{"rendered":"<p>La banque Valiant renouvelle sa confiance pour 5 ans au JKL. Merci \u00e0 ce partenaire majeur du sport local.<br \/>\n<!--more--><br \/>\nLa banque Valiant soutient la pratique du sport des jeunes dans notre club et a aid\u00e9 derni\u00e8rement la mise en place de gros projets sur la saison 2023.<br \/>\nApr\u00e8s les excellents r\u00e9sultats des nos \u00e9quipes en particulier et du club en g\u00e9n\u00e9ral, les dirigeants de la banque renouvellent leur partenariat pour une dur\u00e9e de 5 ans. <\/p>\n<p><a href=\"https:\/\/www.valiant.ch\/\" target=\"_blank\" rel=\"noopener\"><img decoding=\"async\" class=\"aligncenter wp-image-24449 size-medium\" src=\"https:\/\/www.judokwailausanne.ch\/cmsv3\/wp-content\/uploads\/2023\/11\/Valiant_RGB-300x79.jpg\" alt=\"\" width=\"300\" height=\"79\" \/><\/a><\/p>\n","protected":false},"excerpt":{"rendered":"<p>La banque Valiant renouvelle sa confiance pour 5 ans au JKL. Merci \u00e0 ce partenaire majeur du sport local.<\/p>\n","protected":false},"author":25,"featured_media":24449,"comment_status":"open","ping_status":"open","sticky":false,"template":"","format":"standard","meta":{"_et_pb_use_builder":"off","_et_pb_old_content":"","_et_gb_content_width":"","footnotes":""},"categories":[55],"tags":[93,92],"class_list":["post-24447","post","type-post","status-publish","format-standard","has-post-thumbnail","hentry","category-vie-du-jkl","tag-hommes","tag-lna"],"_links":{"self":[{"href":"https:\/\/www.judokwailausanne.ch\/index.php?rest_route=\/wp\/v2\/posts\/24447","targetHints":{"allow":["GET"]}}],"collection":[{"href":"https:\/\/www.judokwailausanne.ch\/index.php?rest_route=\/wp\/v2\/posts"}],"about":[{"href":"https:\/\/www.judokwailausanne.ch\/index.php?rest_route=\/wp\/v2\/types\/post"}],"author":[{"embeddable":true,"href":"https:\/\/www.judokwailausanne.ch\/index.php?rest_route=\/wp\/v2\/users\/25"}],"replies":[{"embeddable":true,"href":"https:\/\/www.judokwailausanne.ch\/index.php?rest_route=%2Fwp%2Fv2%2Fcomments&post=24447"}],"version-history":[{"count":2,"href":"https:\/\/www.judokwailausanne.ch\/index.php?rest_route=\/wp\/v2\/posts\/24447\/revisions"}],"predecessor-version":[{"id":24450,"href":"https:\/\/www.judokwailausanne.ch\/index.php?rest_route=\/wp\/v2\/posts\/24447\/revisions\/24450"}],"wp:featuredmedia":[{"embeddable":true,"href":"https:\/\/www.judokwailausanne.ch\/index.php?rest_route=\/wp\/v2\/media\/24449"}],"wp:attachment":[{"href":"https:\/\/www.judokwailausanne.ch\/index.php?rest_route=%2Fwp%2Fv2%2Fmedia&parent=24447"}],"wp:term":[{"taxonomy":"category","embeddable":true,"href":"https:\/\/www.judokwailausanne.ch\/index.php?rest_route=%2Fwp%2Fv2%2Fcategories&post=24447"},{"taxonomy":"post_tag","embeddable":true,"href":"https:\/\/www.judokwailausanne.ch\/index.php?rest_route=%2Fwp%2Fv2%2Ftags&post=24447"}],"curies":[{"name":"wp","href":"https:\/\/api.w.org\/{rel}","templated":true}]}}