{"id":25884,"date":"2024-07-03T20:03:50","date_gmt":"2024-07-03T18:03:50","guid":{"rendered":"https:\/\/www.judokwailausanne.ch\/?p=25884"},"modified":"2024-07-03T20:03:50","modified_gmt":"2024-07-03T18:03:50","slug":"fermeturesecretariatete2024-2","status":"publish","type":"post","link":"https:\/\/www.judokwailausanne.ch\/?p=25884","title":{"rendered":"Marcel et Gilbert aux championnats d&rsquo;Europe v\u00e9t\u00e9rans !"},"content":{"rendered":"<p>&nbsp;<\/p>\n<p><!--more--><\/p>\n<div>Deux membres du Club des 100 se sont illustr\u00e9s r\u00e9cemment aux championnats d\u2019Europe v\u00e9t\u00e9rans qui ont eu lieu \u00e0 Sarajevo (Bosnie) du 6 au 9 juin derniers.<\/div>\n<div>Marcel F\u00fcrst a termin\u00e9 deuxi\u00e8me en &#8211; 90 kg et Gilbert Pantillon troisi\u00e8me en &#8211; 81 kg.<\/div>\n<div>Cette comp\u00e9tition r\u00e9unissait 728 judokas et judokates de 35 pays diff\u00e9rents!<\/div>\n<div><\/div>\n<div>F\u00e9licitations, bel exemple de long\u00e9vit\u00e9 et de performance dans le judo!<\/div>\n<div><\/div>\n<div>Ph. Schneiter<\/div>\n","protected":false},"excerpt":{"rendered":"<p>&nbsp;<\/p>\n","protected":false},"author":25,"featured_media":25886,"comment_status":"open","ping_status":"open","sticky":false,"template":"","format":"standard","meta":{"_et_pb_use_builder":"","_et_pb_old_content":"","_et_gb_content_width":"","footnotes":""},"categories":[49,63,64,48],"tags":[],"class_list":["post-25884","post","type-post","status-publish","format-standard","has-post-thumbnail","hentry","category-club100","category-competition","category-individuel","category-judo"],"_links":{"self":[{"href":"https:\/\/www.judokwailausanne.ch\/index.php?rest_route=\/wp\/v2\/posts\/25884","targetHints":{"allow":["GET"]}}],"collection":[{"href":"https:\/\/www.judokwailausanne.ch\/index.php?rest_route=\/wp\/v2\/posts"}],"about":[{"href":"https:\/\/www.judokwailausanne.ch\/index.php?rest_route=\/wp\/v2\/types\/post"}],"author":[{"embeddable":true,"href":"https:\/\/www.judokwailausanne.ch\/index.php?rest_route=\/wp\/v2\/users\/25"}],"replies":[{"embeddable":true,"href":"https:\/\/www.judokwailausanne.ch\/index.php?rest_route=%2Fwp%2Fv2%2Fcomments&post=25884"}],"version-history":[{"count":4,"href":"https:\/\/www.judokwailausanne.ch\/index.php?rest_route=\/wp\/v2\/posts\/25884\/revisions"}],"predecessor-version":[{"id":25889,"href":"https:\/\/www.judokwailausanne.ch\/index.php?rest_route=\/wp\/v2\/posts\/25884\/revisions\/25889"}],"wp:featuredmedia":[{"embeddable":true,"href":"https:\/\/www.judokwailausanne.ch\/index.php?rest_route=\/wp\/v2\/media\/25886"}],"wp:attachment":[{"href":"https:\/\/www.judokwailausanne.ch\/index.php?rest_route=%2Fwp%2Fv2%2Fmedia&parent=25884"}],"wp:term":[{"taxonomy":"category","embeddable":true,"href":"https:\/\/www.judokwailausanne.ch\/index.php?rest_route=%2Fwp%2Fv2%2Fcategories&post=25884"},{"taxonomy":"post_tag","embeddable":true,"href":"https:\/\/www.judokwailausanne.ch\/index.php?rest_route=%2Fwp%2Fv2%2Ftags&post=25884"}],"curies":[{"name":"wp","href":"https:\/\/api.w.org\/{rel}","templated":true}]}}