{"id":26341,"date":"2024-10-28T17:35:07","date_gmt":"2024-10-28T16:35:07","guid":{"rendered":"https:\/\/www.judokwailausanne.ch\/?p=26341"},"modified":"2024-12-04T23:47:27","modified_gmt":"2024-12-04T22:47:27","slug":"journee-mondiale-du-judo-2024-10-28","status":"publish","type":"post","link":"https:\/\/www.judokwailausanne.ch\/?p=26341","title":{"rendered":"28 octobre : Journ\u00e9e mondiale du judo"},"content":{"rendered":"<p>Nous vous souhaitons une belle journ\u00e9e mondiale du judo !<\/p>\n<p><!--more--><\/p>\n<p style=\"margin: 0in; font-family: Arial; font-size: 11.0pt;\">\u00c0 l&rsquo;occasion de la Journ\u00e9e mondiale du judo 2024, la F\u00e9d\u00e9ration internationale de judo met en avant l&rsquo;importance du bien-\u00eatre, englobant les dimensions physique, mentale, \u00e9motionnelle et sociale. Elle souligne que la pratique du judo ne d\u00e9veloppe pas seulement des comp\u00e9tences physiques mais aussi la r\u00e9silience, le respect, et un sentiment d\u2019appartenance communautaire, r\u00e9pondant ainsi aux d\u00e9fis actuels de sant\u00e9 mentale et de coh\u00e9sion sociale.<\/p>\n<p style=\"margin: 0in; font-family: Arial; font-size: 11.0pt;\">Pour en savoir plus, vous pouvez consulter le message du pr\u00e9sident de la FIJ <a href=\"https:\/\/www.ijf.org\/news\/show\/wjd-2024-wellbeing-president-vizer-s-message\">WJD 2024 &#8211; Wellbeing: President Vizer\u2019s Message \/ IJF.org<\/a><\/p>\n<p>Happy world judo day !<\/p>\n","protected":false},"excerpt":{"rendered":"<p>Nous vous souhaitons une belle journ\u00e9e mondiale du judo !<\/p>\n","protected":false},"author":25,"featured_media":26342,"comment_status":"open","ping_status":"open","sticky":false,"template":"","format":"standard","meta":{"_et_pb_use_builder":"","_et_pb_old_content":"","_et_gb_content_width":"","footnotes":""},"categories":[48],"tags":[],"class_list":["post-26341","post","type-post","status-publish","format-standard","has-post-thumbnail","hentry","category-judo"],"_links":{"self":[{"href":"https:\/\/www.judokwailausanne.ch\/index.php?rest_route=\/wp\/v2\/posts\/26341","targetHints":{"allow":["GET"]}}],"collection":[{"href":"https:\/\/www.judokwailausanne.ch\/index.php?rest_route=\/wp\/v2\/posts"}],"about":[{"href":"https:\/\/www.judokwailausanne.ch\/index.php?rest_route=\/wp\/v2\/types\/post"}],"author":[{"embeddable":true,"href":"https:\/\/www.judokwailausanne.ch\/index.php?rest_route=\/wp\/v2\/users\/25"}],"replies":[{"embeddable":true,"href":"https:\/\/www.judokwailausanne.ch\/index.php?rest_route=%2Fwp%2Fv2%2Fcomments&post=26341"}],"version-history":[{"count":3,"href":"https:\/\/www.judokwailausanne.ch\/index.php?rest_route=\/wp\/v2\/posts\/26341\/revisions"}],"predecessor-version":[{"id":26345,"href":"https:\/\/www.judokwailausanne.ch\/index.php?rest_route=\/wp\/v2\/posts\/26341\/revisions\/26345"}],"wp:featuredmedia":[{"embeddable":true,"href":"https:\/\/www.judokwailausanne.ch\/index.php?rest_route=\/wp\/v2\/media\/26342"}],"wp:attachment":[{"href":"https:\/\/www.judokwailausanne.ch\/index.php?rest_route=%2Fwp%2Fv2%2Fmedia&parent=26341"}],"wp:term":[{"taxonomy":"category","embeddable":true,"href":"https:\/\/www.judokwailausanne.ch\/index.php?rest_route=%2Fwp%2Fv2%2Fcategories&post=26341"},{"taxonomy":"post_tag","embeddable":true,"href":"https:\/\/www.judokwailausanne.ch\/index.php?rest_route=%2Fwp%2Fv2%2Ftags&post=26341"}],"curies":[{"name":"wp","href":"https:\/\/api.w.org\/{rel}","templated":true}]}}