{"id":26402,"date":"2024-11-10T13:01:07","date_gmt":"2024-11-10T12:01:07","guid":{"rendered":"https:\/\/www.judokwailausanne.ch\/?p=26402"},"modified":"2024-12-04T23:45:50","modified_gmt":"2024-12-04T22:45:50","slug":"lna-2024-finale","status":"publish","type":"post","link":"https:\/\/www.judokwailausanne.ch\/?p=26402","title":{"rendered":"LNA &#8211; JKL encore au top!"},"content":{"rendered":"<p>Comme l&rsquo;an pass\u00e9, nos Ta\u00efga d\u00e9crochent le titre chez les dames, et les hommes raflent la m\u00e9daille de bronze.<br \/>\n<!--more--><\/p>\n<p>Le Final4 du championnat suisse par \u00e9quipe de judo \u00e9lite femme et homme a eu lieu samedi 9 novembre \u00e0 Vernier\/GE.<\/p>\n<p style=\"margin: 0in; font-family: Calibri; font-size: 11.0pt;\">De tr\u00e8s bonnes\u00a0vibes au d\u00e9part de notre dojo lausannois en ce matin du 9 novembre. Les athl\u00e8tes sont joviaux et en forme, les nombreux spectateur\/trices sont remplis d&rsquo;espoir et les coach\/es des \u00e9quipes f\u00e9minines et masculines sont un poil tendus. Notre directeur technique, Sensei Tatsuto Shima avait confirm\u00e9 l&rsquo;objectif dans la presse deux jours plus t\u00f4t, le doubl\u00e9 est vis\u00e9! Le JKL en a les moyens!<\/p>\n<p style=\"margin: 0in; font-family: Calibri; font-size: 11.0pt;\"><a href=\"https:\/\/www.24heures.ch\/judo-geneve-et-lausanne-remettent-leur-titre-en-jeu-504076029817\">https:\/\/www.24heures.ch\/judo-geneve-et-lausanne-remettent-leur-titre-en-jeu-504076029817<\/a><\/p>\n<p style=\"margin: 0in; font-family: Calibri; font-size: 11.0pt;\">10h, d\u00e9part donc pour Gen\u00e8ve pour pr\u00e8s de 70 JKLien\/nes (un car, le bus du club et quelques voitures). Aucun souci \u00e0 signaler sur la route, une arriv\u00e9e \u00e0 bon port \u00e0 11h15. Id\u00e9al pour prendre la mesure de l&rsquo;ambiance, de la salle&#8230;bref, pour prendre ses marques.<\/p>\n<p style=\"margin: 0in; font-family: Calibri; font-size: 11.0pt;\">12h, la tension\u00a0monte.<\/p>\n<p style=\"margin: 0in; font-family: Calibri; font-size: 11.0pt;\">12h30, ouverture de la pes\u00e9e pour chacune et chacun. Les coach\/es commencent \u00e0 s&rsquo;agiter. Il s&rsquo;agit d&rsquo;\u00eatre attentif aux adversaires. Les cartes et les strat\u00e9gies commencent \u00e0 se d\u00e9voiler. Du c\u00f4t\u00e9 des gar\u00e7ons du JKL, Laurin (-100kg) est s\u00e9rieusement bless\u00e9 au genou, il ne pourra pas combattre mais se p\u00e8se et participe \u00e0 l&rsquo;\u00e9chauffement&#8230;la tactique aura toute son importance\u00a0au fil de la journ\u00e9e.<\/p>\n<p style=\"margin: 0in; font-family: Calibri; font-size: 11.0pt;\">14h, les Ta\u00efga (nos f\u00e9minines) s&rsquo;appr\u00eatent \u00e0 lancer les hostilit\u00e9s\u00a0dans une demi-finale contre le JC Oensingen. Coache Ir\u00e8ne aligne Lya, Naomi, Sol\u00e8ne, Stessie et Audrey. Nos combattantes cartonnent et passent en finale sur un clair 10-0. Bravo Mesdames!<\/p>\n<p style=\"margin: 0in; font-family: Calibri; font-size: 11.0pt;\">15h, les hommes du JKL entrent en action contre Brugg. Une demi-finale d&rsquo;autant plus ind\u00e9cise avec le forfait\u00a0de notre top scorer, Laurin. De l&rsquo;avis de bon nombre de suiveurs, le vainqueur de cette demi-finale aura de grandes chances de remporter le titre. Anthony, Sid, David, Fran\u00e7ois, Rasmus, Tatsuto et Shamil se pr\u00e9sentent sur le tatami et Anthony ram\u00e8ne rapidement le premier point. S&rsquo;ensuivent des combats dantesques, Sid apr\u00e8s 13 (!!) minutes de combat et Rasmus apr\u00e8s 10 (!) minutes d&rsquo;acharnement doivent s&rsquo;avouer vaincu. Deux combats pivots qui \u00e9chappent au JKL, mais quels combats! Bravo les gars! Les hommes du JKL s&rsquo;inclinent 6-8 contre une \u00e9quipe de Brugg qui finira championne\u00a0suisse quelques heures plus tard.<\/p>\n<p style=\"margin: 0in; font-family: Calibri; font-size: 11.0pt;\">A la fin de l&rsquo;apr\u00e8s-midi, les boys du JKL remettent le couvert contre le champion 2023, la Team Gen\u00e8ve. La m\u00e9daille de bronze nationale est l&rsquo;enjeu de cette confrontation. Anthony, Sid, Alessandro, Rasmus, Esteban, Tatsuto et Shamil sont d\u00e9sign\u00e9s par coach Francis pour d\u00e9fendre nos couleurs. La rencontre tourne vite \u00e0 notre avantage avec de belles victoires tactiques. 12-2 scelle le score final en faveur du JKL.<\/p>\n<p style=\"margin: 0in; font-family: Calibri; font-size: 11.0pt;\">La 1\u00e8re \u00e9quipe masculine du JKL termine au 3\u00e8me rang du championnat suisse 2024!! Mille Bravo!!<\/p>\n<p style=\"margin: 0in; font-family: Calibri; font-size: 11.0pt;\">18h, LA FINALE! Nos JKL-Ta\u00efga, gonfl\u00e9es \u00e0 bloc, se pr\u00e9parent \u00e0 d\u00e9fendre le titre remport\u00e9 en 2023. Notre ligne de parade se pr\u00e9sente face aux redoutables combattantes de Uster: Michelle, Naomi, Binta, April et Lubjana. Les combats sont intenses et sans concession, les Ta\u00efga prennent rapidement le large et conservent leur titre de meilleure \u00e9quipe suisse sur un score de 6-4.<\/p>\n<p style=\"margin: 0in; font-family: Calibri; font-size: 11.0pt;\">L&rsquo;\u00e9quipe f\u00e9minine du JKL est championne suisse 2024!! Un immense Bravo!!<\/p>\n<p style=\"margin: 0in; font-family: Calibri; font-size: 11.0pt;\">C&rsquo;est donc sur une immense fiert\u00e9 pour le JKL que le championnat national par \u00e9quipe se termine: le titre chez les femmes et la 3\u00e8me place chez les hommes d\u00e9montrent l&rsquo;unit\u00e9 et la qualit\u00e9 qui animent le groupe. Fier de nos combattant\/es, fier du JKL!<\/p>\n<div>\n<p>Bravo \u00e0 nos \u00e9quipes de LNA qui font <a href=\"https:\/\/www.judokwailausanne.ch\/?p=24425\">la redite de 2023<\/a> !<\/p>\n<p>R\u00e9sultats sur le <a href=\"https:\/\/sjv.ch\/home\/detailview\/article\/123983\/eyJlIjoiMjE4NDEyIiwiaSI6bnVsbH0=\" target=\"_blank\" rel=\"noopener\">site de la FSJ<\/a>.<\/p>\n<p><a href=\"https:\/\/www.judokwailausanne.ch\/cmsv3\/wp-content\/uploads\/2024\/11\/LNA-2024-f.jpg\" target=\"_blank\" rel=\"noopener\"><img fetchpriority=\"high\" fetchpriority=\"high\" decoding=\"async\" class=\"aligncenter wp-image-26404 size-medium\" src=\"https:\/\/www.judokwailausanne.ch\/cmsv3\/wp-content\/uploads\/2024\/11\/LNA-2024-f-300x200.jpg\" alt=\"\" width=\"300\" height=\"200\" \/><\/a> <a href=\"https:\/\/www.judokwailausanne.ch\/cmsv3\/wp-content\/uploads\/2024\/11\/LNA-2024-h.jpg\" target=\"_blank\" rel=\"noopener\"><img decoding=\"async\" class=\"aligncenter wp-image-26403 size-medium\" src=\"https:\/\/www.judokwailausanne.ch\/cmsv3\/wp-content\/uploads\/2024\/11\/LNA-2024-h-300x200.jpg\" alt=\"\" width=\"300\" height=\"200\" \/><\/a><\/p>\n<\/div>\n<p>&nbsp;<\/p>\n<p>Journaliste du JKL : David Sueur<\/p>\n","protected":false},"excerpt":{"rendered":"<p>Comme l&rsquo;an pass\u00e9, nos Ta\u00efga d\u00e9crochent le titre chez les dames, et les hommes raflent la m\u00e9daille de bronze.<\/p>\n","protected":false},"author":25,"featured_media":26404,"comment_status":"open","ping_status":"open","sticky":false,"template":"","format":"standard","meta":{"_et_pb_use_builder":"off","_et_pb_old_content":"","_et_gb_content_width":"","footnotes":""},"categories":[63,22,48,99],"tags":[93,92],"class_list":["post-26402","post","type-post","status-publish","format-standard","has-post-thumbnail","hentry","category-competition","category-equipe-competition","category-judo","category-lna","tag-hommes","tag-lna"],"_links":{"self":[{"href":"https:\/\/www.judokwailausanne.ch\/index.php?rest_route=\/wp\/v2\/posts\/26402","targetHints":{"allow":["GET"]}}],"collection":[{"href":"https:\/\/www.judokwailausanne.ch\/index.php?rest_route=\/wp\/v2\/posts"}],"about":[{"href":"https:\/\/www.judokwailausanne.ch\/index.php?rest_route=\/wp\/v2\/types\/post"}],"author":[{"embeddable":true,"href":"https:\/\/www.judokwailausanne.ch\/index.php?rest_route=\/wp\/v2\/users\/25"}],"replies":[{"embeddable":true,"href":"https:\/\/www.judokwailausanne.ch\/index.php?rest_route=%2Fwp%2Fv2%2Fcomments&post=26402"}],"version-history":[{"count":6,"href":"https:\/\/www.judokwailausanne.ch\/index.php?rest_route=\/wp\/v2\/posts\/26402\/revisions"}],"predecessor-version":[{"id":26421,"href":"https:\/\/www.judokwailausanne.ch\/index.php?rest_route=\/wp\/v2\/posts\/26402\/revisions\/26421"}],"wp:featuredmedia":[{"embeddable":true,"href":"https:\/\/www.judokwailausanne.ch\/index.php?rest_route=\/wp\/v2\/media\/26404"}],"wp:attachment":[{"href":"https:\/\/www.judokwailausanne.ch\/index.php?rest_route=%2Fwp%2Fv2%2Fmedia&parent=26402"}],"wp:term":[{"taxonomy":"category","embeddable":true,"href":"https:\/\/www.judokwailausanne.ch\/index.php?rest_route=%2Fwp%2Fv2%2Fcategories&post=26402"},{"taxonomy":"post_tag","embeddable":true,"href":"https:\/\/www.judokwailausanne.ch\/index.php?rest_route=%2Fwp%2Fv2%2Ftags&post=26402"}],"curies":[{"name":"wp","href":"https:\/\/api.w.org\/{rel}","templated":true}]}}