{"id":26561,"date":"2024-11-29T15:28:01","date_gmt":"2024-11-29T14:28:01","guid":{"rendered":"https:\/\/www.judokwailausanne.ch\/?p=26561"},"modified":"2026-04-18T10:57:53","modified_gmt":"2026-04-18T08:57:53","slug":"binta-ndiaye-elue-meilleure-espoir-de-lannee","status":"publish","type":"post","link":"https:\/\/www.judokwailausanne.ch\/?p=26561","title":{"rendered":"Binta Ndiaye \u00e9lue Meilleure Espoir de l&rsquo;ann\u00e9e"},"content":{"rendered":"<p style=\"margin: 0in; font-size: 11.0pt;\"><span style=\"font-weight: bold; font-family: Arial;\">F\u00e9licitations \u00e0 Binta Ndiaye ! <\/span><span style=\"font-family: 'Segoe UI Emoji';\">\ud83c\udfc6\u2728<\/span><\/p>\n<p style=\"margin: 0in; font-family: Arial; font-size: 11.0pt;\">Les laur\u00e9ats des M\u00e9rites Sportifs Vaudois de l&rsquo;ann\u00e9e 2024 ont \u00e9t\u00e9 annonc\u00e9s hier soir.<\/p>\n<p style=\"margin: 0in; font-size: 11.0pt;\"><span style=\"font-family: Arial;\">Binta a \u00e9t\u00e9 \u00e9lue <\/span><span style=\"font-weight: bold; font-family: Arial;\">meilleure espoir de l\u2019ann\u00e9e 2024<\/span><span style=\"font-family: Arial;\"> ! <\/span><span style=\"font-family: 'Segoe UI Emoji';\">\ud83c\udf89<\/span><\/p>\n<p style=\"margin: 0in; font-size: 11.0pt;\"><span style=\"font-family: Arial;\">Une reconnaissance bien m\u00e9rit\u00e9e pour son travail, sa d\u00e9termination et son talent exceptionnel. Nous sommes fiers de compter Binta parmi nous et lui souhaitons encore de nombreuses r\u00e9ussites \u00e0 venir sur et en dehors des tatamis ! <\/span><span style=\"font-family: 'Segoe UI Emoji';\">\ud83d\udc4f\ud83e\udd4b<\/span><\/p>\n<p style=\"margin: 0in; font-family: Arial; font-size: 11.0pt;\">Une vid\u00e9o de la remise du prix est disponible : <a href=\"https:\/\/www.meritessportifsvaudois.ch\/\">M\u00e9rites Sportifs Vaudois<\/a><\/p>\n","protected":false},"excerpt":{"rendered":"<p>F\u00e9licitations \u00e0 Binta Ndiaye ! \ud83c\udfc6\u2728 Les laur\u00e9ats des M\u00e9rites Sportifs Vaudois de l&rsquo;ann\u00e9e 2024 ont \u00e9t\u00e9 annonc\u00e9s hier soir. Binta a \u00e9t\u00e9 \u00e9lue meilleure espoir de l\u2019ann\u00e9e 2024 ! \ud83c\udf89 Une reconnaissance bien m\u00e9rit\u00e9e pour son travail, sa d\u00e9termination et son talent exceptionnel. Nous sommes fiers de compter Binta parmi nous et lui souhaitons [&hellip;]<\/p>\n","protected":false},"author":25,"featured_media":26563,"comment_status":"open","ping_status":"open","sticky":false,"template":"","format":"standard","meta":{"_et_pb_use_builder":"","_et_pb_old_content":"","_et_gb_content_width":"","footnotes":""},"categories":[109,49,48,55],"tags":[],"class_list":["post-26561","post","type-post","status-publish","format-standard","has-post-thumbnail","hentry","category-binta","category-club100","category-judo","category-vie-du-jkl"],"_links":{"self":[{"href":"https:\/\/www.judokwailausanne.ch\/index.php?rest_route=\/wp\/v2\/posts\/26561","targetHints":{"allow":["GET"]}}],"collection":[{"href":"https:\/\/www.judokwailausanne.ch\/index.php?rest_route=\/wp\/v2\/posts"}],"about":[{"href":"https:\/\/www.judokwailausanne.ch\/index.php?rest_route=\/wp\/v2\/types\/post"}],"author":[{"embeddable":true,"href":"https:\/\/www.judokwailausanne.ch\/index.php?rest_route=\/wp\/v2\/users\/25"}],"replies":[{"embeddable":true,"href":"https:\/\/www.judokwailausanne.ch\/index.php?rest_route=%2Fwp%2Fv2%2Fcomments&post=26561"}],"version-history":[{"count":2,"href":"https:\/\/www.judokwailausanne.ch\/index.php?rest_route=\/wp\/v2\/posts\/26561\/revisions"}],"predecessor-version":[{"id":26565,"href":"https:\/\/www.judokwailausanne.ch\/index.php?rest_route=\/wp\/v2\/posts\/26561\/revisions\/26565"}],"wp:featuredmedia":[{"embeddable":true,"href":"https:\/\/www.judokwailausanne.ch\/index.php?rest_route=\/wp\/v2\/media\/26563"}],"wp:attachment":[{"href":"https:\/\/www.judokwailausanne.ch\/index.php?rest_route=%2Fwp%2Fv2%2Fmedia&parent=26561"}],"wp:term":[{"taxonomy":"category","embeddable":true,"href":"https:\/\/www.judokwailausanne.ch\/index.php?rest_route=%2Fwp%2Fv2%2Fcategories&post=26561"},{"taxonomy":"post_tag","embeddable":true,"href":"https:\/\/www.judokwailausanne.ch\/index.php?rest_route=%2Fwp%2Fv2%2Ftags&post=26561"}],"curies":[{"name":"wp","href":"https:\/\/api.w.org\/{rel}","templated":true}]}}