{"id":26588,"date":"2024-12-02T16:04:35","date_gmt":"2024-12-02T15:04:35","guid":{"rendered":"https:\/\/www.judokwailausanne.ch\/?p=26588"},"modified":"2024-12-04T23:44:50","modified_gmt":"2024-12-04T22:44:50","slug":"les-athletes-olympiques-recus-par-le-conseil-detat","status":"publish","type":"post","link":"https:\/\/www.judokwailausanne.ch\/?p=26588","title":{"rendered":"Les athl\u00e8tes olympiques re\u00e7us par le Conseil d&rsquo;Etat !"},"content":{"rendered":"<pre>Photo: ARC Sieber\r\n\r\n<\/pre>\n<p style=\"margin: 0in; font-family: Arial; font-size: 11.0pt;\">Le 28 novembre 2024, le Conseil d&rsquo;\u00c9tat vaudois a accueilli les athl\u00e8tes olympiques du canton pour c\u00e9l\u00e9brer leurs performances.<\/p>\n<p style=\"margin: 0in; font-family: Arial; font-size: 11.0pt;\">L&rsquo;occasion de discuter du sport de haut niveau et du soutien apport\u00e9 aux athl\u00e8tes. Binta \u00e9tait \u00e9galement invit\u00e9e \u00e0 cette rencontre!<\/p>\n<p style=\"margin: 0in; font-family: Arial; font-size: 11.0pt;\">Le lien vers l&rsquo;article de l&rsquo;Etat de Vaud : <a href=\"https:\/\/www.vd.ch\/actualites\/actualite\/news\/i-le-conseil-detat-recoit-les-athletes-olympiques-vaudois\">Le Conseil d&rsquo;Etat re\u00e7oit les athl\u00e8tes olympiques vaudois | \u00c9tat de Vaud<\/a><\/p>\n<p style=\"margin: 0in; font-family: Arial; font-size: 11.0pt;\">Bravo \u00e0 toutes et tous !<\/p>\n","protected":false},"excerpt":{"rendered":"<p>Photo: ARC Sieber Le 28 novembre 2024, le Conseil d&rsquo;\u00c9tat vaudois a accueilli les athl\u00e8tes olympiques du canton pour c\u00e9l\u00e9brer leurs performances. L&rsquo;occasion de discuter du sport de haut niveau et du soutien apport\u00e9 aux athl\u00e8tes. Binta \u00e9tait \u00e9galement invit\u00e9e \u00e0 cette rencontre! Le lien vers l&rsquo;article de l&rsquo;Etat de Vaud : Le Conseil d&rsquo;Etat [&hellip;]<\/p>\n","protected":false},"author":25,"featured_media":26589,"comment_status":"open","ping_status":"open","sticky":false,"template":"","format":"standard","meta":{"_et_pb_use_builder":"","_et_pb_old_content":"","_et_gb_content_width":"","footnotes":""},"categories":[49,48,55],"tags":[],"class_list":["post-26588","post","type-post","status-publish","format-standard","has-post-thumbnail","hentry","category-club100","category-judo","category-vie-du-jkl"],"_links":{"self":[{"href":"https:\/\/www.judokwailausanne.ch\/index.php?rest_route=\/wp\/v2\/posts\/26588","targetHints":{"allow":["GET"]}}],"collection":[{"href":"https:\/\/www.judokwailausanne.ch\/index.php?rest_route=\/wp\/v2\/posts"}],"about":[{"href":"https:\/\/www.judokwailausanne.ch\/index.php?rest_route=\/wp\/v2\/types\/post"}],"author":[{"embeddable":true,"href":"https:\/\/www.judokwailausanne.ch\/index.php?rest_route=\/wp\/v2\/users\/25"}],"replies":[{"embeddable":true,"href":"https:\/\/www.judokwailausanne.ch\/index.php?rest_route=%2Fwp%2Fv2%2Fcomments&post=26588"}],"version-history":[{"count":7,"href":"https:\/\/www.judokwailausanne.ch\/index.php?rest_route=\/wp\/v2\/posts\/26588\/revisions"}],"predecessor-version":[{"id":26596,"href":"https:\/\/www.judokwailausanne.ch\/index.php?rest_route=\/wp\/v2\/posts\/26588\/revisions\/26596"}],"wp:featuredmedia":[{"embeddable":true,"href":"https:\/\/www.judokwailausanne.ch\/index.php?rest_route=\/wp\/v2\/media\/26589"}],"wp:attachment":[{"href":"https:\/\/www.judokwailausanne.ch\/index.php?rest_route=%2Fwp%2Fv2%2Fmedia&parent=26588"}],"wp:term":[{"taxonomy":"category","embeddable":true,"href":"https:\/\/www.judokwailausanne.ch\/index.php?rest_route=%2Fwp%2Fv2%2Fcategories&post=26588"},{"taxonomy":"post_tag","embeddable":true,"href":"https:\/\/www.judokwailausanne.ch\/index.php?rest_route=%2Fwp%2Fv2%2Ftags&post=26588"}],"curies":[{"name":"wp","href":"https:\/\/api.w.org\/{rel}","templated":true}]}}