{"id":2675,"date":"2016-04-17T11:46:29","date_gmt":"2016-04-17T09:46:29","guid":{"rendered":"http:\/\/www.judokwailausanne.ch\/cmsv3\/?p=2675"},"modified":"2018-08-12T11:30:26","modified_gmt":"2018-08-12T09:30:26","slug":"nouveau-comite","status":"publish","type":"post","link":"https:\/\/www.judokwailausanne.ch\/?p=2675","title":{"rendered":"Nouveau comit\u00e9"},"content":{"rendered":"<p>L\u2019assembl\u00e9e g\u00e9n\u00e9rale 2016 a eu lieu le mardi 22 mars.<br \/>\nLors de cette s\u00e9ance, le comit\u00e9 a \u00e9t\u00e9 renouvel\u00e9.<br \/>\nPhilippe Schneiter, Michelle Clerc et Thierry Beausire ont remis leur mandat apr\u00e8s de nombreuses ann\u00e9es de d\u00e9vouement fructueux.<br \/>\nL\u2019ensemble des personnes pr\u00e9sentes les ont remerci\u00e9 chaleureusement pour leur travail.<br \/>\nUn <a href=\"http:\/\/www.judokwailausanne.ch\/cmsv3\/?page_id=35\">nouveau comit\u00e9 <\/a>a \u00e9t\u00e9 propos\u00e9 et ent\u00e9rin\u00e9 par l\u2019assembl\u00e9e.<br \/>\nIl se compose de : David Sueur (pr\u00e9sident), Arnaud Vernay (vice- pr\u00e9sident), Hiroshi Katanishi, Francois Demont et Reto Imfeld.<\/p>\n<p>Par ailleurs, Val\u00e9rie Stumpe qui a repris le poste de responsable administrative et comptabilit\u00e9 d\u00e8s le 1er avril 2016, assistera le nouveau comit\u00e9 dans ses activit\u00e9s.<\/p>\n","protected":false},"excerpt":{"rendered":"<p>L\u2019assembl\u00e9e g\u00e9n\u00e9rale 2016 a eu lieu le mardi 22 mars. Lors de cette s\u00e9ance, le comit\u00e9 a \u00e9t\u00e9 renouvel\u00e9. Philippe Schneiter, Michelle Clerc et Thierry Beausire ont remis leur mandat apr\u00e8s de nombreuses ann\u00e9es de d\u00e9vouement fructueux. L\u2019ensemble des personnes pr\u00e9sentes les ont remerci\u00e9 chaleureusement pour leur travail. Un nouveau comit\u00e9 a \u00e9t\u00e9 propos\u00e9 et [&hellip;]<\/p>\n","protected":false},"author":6,"featured_media":1359,"comment_status":"open","ping_status":"open","sticky":false,"template":"","format":"standard","meta":{"_et_pb_use_builder":"","_et_pb_old_content":"","_et_gb_content_width":"","footnotes":""},"categories":[55],"tags":[],"class_list":["post-2675","post","type-post","status-publish","format-standard","has-post-thumbnail","hentry","category-vie-du-jkl"],"_links":{"self":[{"href":"https:\/\/www.judokwailausanne.ch\/index.php?rest_route=\/wp\/v2\/posts\/2675","targetHints":{"allow":["GET"]}}],"collection":[{"href":"https:\/\/www.judokwailausanne.ch\/index.php?rest_route=\/wp\/v2\/posts"}],"about":[{"href":"https:\/\/www.judokwailausanne.ch\/index.php?rest_route=\/wp\/v2\/types\/post"}],"author":[{"embeddable":true,"href":"https:\/\/www.judokwailausanne.ch\/index.php?rest_route=\/wp\/v2\/users\/6"}],"replies":[{"embeddable":true,"href":"https:\/\/www.judokwailausanne.ch\/index.php?rest_route=%2Fwp%2Fv2%2Fcomments&post=2675"}],"version-history":[{"count":1,"href":"https:\/\/www.judokwailausanne.ch\/index.php?rest_route=\/wp\/v2\/posts\/2675\/revisions"}],"predecessor-version":[{"id":8749,"href":"https:\/\/www.judokwailausanne.ch\/index.php?rest_route=\/wp\/v2\/posts\/2675\/revisions\/8749"}],"wp:featuredmedia":[{"embeddable":true,"href":"https:\/\/www.judokwailausanne.ch\/index.php?rest_route=\/wp\/v2\/media\/1359"}],"wp:attachment":[{"href":"https:\/\/www.judokwailausanne.ch\/index.php?rest_route=%2Fwp%2Fv2%2Fmedia&parent=2675"}],"wp:term":[{"taxonomy":"category","embeddable":true,"href":"https:\/\/www.judokwailausanne.ch\/index.php?rest_route=%2Fwp%2Fv2%2Fcategories&post=2675"},{"taxonomy":"post_tag","embeddable":true,"href":"https:\/\/www.judokwailausanne.ch\/index.php?rest_route=%2Fwp%2Fv2%2Ftags&post=2675"}],"curies":[{"name":"wp","href":"https:\/\/api.w.org\/{rel}","templated":true}]}}