{"id":27621,"date":"2025-05-17T21:44:32","date_gmt":"2025-05-17T19:44:32","guid":{"rendered":"https:\/\/www.judokwailausanne.ch\/?p=27621"},"modified":"2025-05-17T21:44:32","modified_gmt":"2025-05-17T19:44:32","slug":"lna-homme-2025-tour2-2-2","status":"publish","type":"post","link":"https:\/\/www.judokwailausanne.ch\/?p=27621","title":{"rendered":"Le JKL aux Panathlon Family Games\u00ae"},"content":{"rendered":"<p style=\"margin: 0in; font-family: Arial; font-size: 11.0pt;\">Le 17 mai, le JKL a particip\u00e9 avec enthousiasme \u00e0 la 14e \u00e9dition des Panathlon Family Games\u00ae de Lausanne, organis\u00e9e aux Pyramides de Vidy. Cet \u00e9v\u00e9nement multisports, qui rassemblait une quarantaine de disciplines, a permis \u00e0 de nombreux jeunes de d\u00e9couvrir de nouvelles activit\u00e9s.<\/p>\n<p style=\"margin: 0in; font-family: Arial; font-size: 11.0pt;\">Notre club a propos\u00e9 des initiations de judo de 45 minutes \u00e0 des groupes d\u2019enfants d\u00e8s 8 ans. Plus de 100 jeunes ont eu la chance de s\u2019initier \u00e0 notre discipline dans une ambiance conviviale et dynamique !<\/p>\n<p style=\"margin: 0in; font-family: Arial; font-size: 11.0pt;\">Un immense merci \u00e0<span style=\"font-weight: bold;\"> Marika, Estelle et Coline<\/span> pour leur \u00e9nergie et leur engagement tout au long de cette journ\u00e9e.<\/p>\n<p><img fetchpriority=\"high\" fetchpriority=\"high\" decoding=\"async\" class=\"wp-image-27624 aligncenter\" src=\"https:\/\/www.judokwailausanne.ch\/cmsv3\/wp-content\/uploads\/2025\/05\/PHOTO-2025-05-17-20-48-29-1024x768.jpg\" alt=\"\" width=\"414\" height=\"311\" \/><\/p>\n<p style=\"margin: 0in; font-size: 11.0pt;\"><span style=\"font-weight: bold; font-family: Arial;\">Bravo \u00e0 toute l\u2019\u00e9quipe du JKL pour cette belle repr\u00e9sentation ! <\/span><span style=\"font-weight: bold; font-family: 'Segoe UI Emoji';\">\ud83d\udc4f\ud83e\udd4b<\/span><\/p>\n","protected":false},"excerpt":{"rendered":"<p>Le 17 mai, le JKL a particip\u00e9 avec enthousiasme \u00e0 la 14e \u00e9dition des Panathlon Family Games\u00ae de Lausanne, organis\u00e9e aux Pyramides de Vidy. Cet \u00e9v\u00e9nement multisports, qui rassemblait une quarantaine de disciplines, a permis \u00e0 de nombreux jeunes de d\u00e9couvrir de nouvelles activit\u00e9s. Notre club a propos\u00e9 des initiations de judo de 45 minutes [&hellip;]<\/p>\n","protected":false},"author":25,"featured_media":27623,"comment_status":"open","ping_status":"open","sticky":false,"template":"","format":"standard","meta":{"_et_pb_use_builder":"","_et_pb_old_content":"","_et_gb_content_width":"","footnotes":""},"categories":[54,48],"tags":[],"class_list":["post-27621","post","type-post","status-publish","format-standard","has-post-thumbnail","hentry","category-initiations","category-judo"],"_links":{"self":[{"href":"https:\/\/www.judokwailausanne.ch\/index.php?rest_route=\/wp\/v2\/posts\/27621","targetHints":{"allow":["GET"]}}],"collection":[{"href":"https:\/\/www.judokwailausanne.ch\/index.php?rest_route=\/wp\/v2\/posts"}],"about":[{"href":"https:\/\/www.judokwailausanne.ch\/index.php?rest_route=\/wp\/v2\/types\/post"}],"author":[{"embeddable":true,"href":"https:\/\/www.judokwailausanne.ch\/index.php?rest_route=\/wp\/v2\/users\/25"}],"replies":[{"embeddable":true,"href":"https:\/\/www.judokwailausanne.ch\/index.php?rest_route=%2Fwp%2Fv2%2Fcomments&post=27621"}],"version-history":[{"count":2,"href":"https:\/\/www.judokwailausanne.ch\/index.php?rest_route=\/wp\/v2\/posts\/27621\/revisions"}],"predecessor-version":[{"id":27625,"href":"https:\/\/www.judokwailausanne.ch\/index.php?rest_route=\/wp\/v2\/posts\/27621\/revisions\/27625"}],"wp:featuredmedia":[{"embeddable":true,"href":"https:\/\/www.judokwailausanne.ch\/index.php?rest_route=\/wp\/v2\/media\/27623"}],"wp:attachment":[{"href":"https:\/\/www.judokwailausanne.ch\/index.php?rest_route=%2Fwp%2Fv2%2Fmedia&parent=27621"}],"wp:term":[{"taxonomy":"category","embeddable":true,"href":"https:\/\/www.judokwailausanne.ch\/index.php?rest_route=%2Fwp%2Fv2%2Fcategories&post=27621"},{"taxonomy":"post_tag","embeddable":true,"href":"https:\/\/www.judokwailausanne.ch\/index.php?rest_route=%2Fwp%2Fv2%2Ftags&post=27621"}],"curies":[{"name":"wp","href":"https:\/\/api.w.org\/{rel}","templated":true}]}}