{"id":2793,"date":"2016-06-10T16:39:41","date_gmt":"2016-06-10T14:39:41","guid":{"rendered":"http:\/\/www.judokwailausanne.ch\/cmsv3\/?p=2793"},"modified":"2018-08-13T23:17:31","modified_gmt":"2018-08-13T21:17:31","slug":"5eme-tour-de-1ere-ligue","status":"publish","type":"post","link":"https:\/\/www.judokwailausanne.ch\/?p=2793","title":{"rendered":"5\u00e8me tour de 1\u00e8re ligue"},"content":{"rendered":"<p>L&rsquo;\u00e9quipe masculine du JKL a combattu \u00e0 Lausanne et c&rsquo;est impos\u00e9 8-2 contre le Hara Sport Murten. Voici la vid\u00e9o, bon visionnement!\u00a0<br \/>\n<iframe src=\"https:\/\/player.vimeo.com\/video\/170153255\" width=\"640\" height=\"360\" frameborder=\"0\" allowfullscreen=\"allowfullscreen\"><\/iframe><\/p>\n","protected":false},"excerpt":{"rendered":"<p>L&rsquo;\u00e9quipe masculine du JKL a combattu \u00e0 Lausanne et c&rsquo;est impos\u00e9 8-2 contre le Hara Sport Murten. Voici la vid\u00e9o, bon visionnement!\u00a0<\/p>\n","protected":false},"author":3,"featured_media":4759,"comment_status":"open","ping_status":"open","sticky":false,"template":"","format":"standard","meta":{"_et_pb_use_builder":"","_et_pb_old_content":"","_et_gb_content_width":"","footnotes":""},"categories":[63,22,48],"tags":[],"class_list":["post-2793","post","type-post","status-publish","format-standard","has-post-thumbnail","hentry","category-competition","category-equipe-competition","category-judo"],"_links":{"self":[{"href":"https:\/\/www.judokwailausanne.ch\/index.php?rest_route=\/wp\/v2\/posts\/2793","targetHints":{"allow":["GET"]}}],"collection":[{"href":"https:\/\/www.judokwailausanne.ch\/index.php?rest_route=\/wp\/v2\/posts"}],"about":[{"href":"https:\/\/www.judokwailausanne.ch\/index.php?rest_route=\/wp\/v2\/types\/post"}],"author":[{"embeddable":true,"href":"https:\/\/www.judokwailausanne.ch\/index.php?rest_route=\/wp\/v2\/users\/3"}],"replies":[{"embeddable":true,"href":"https:\/\/www.judokwailausanne.ch\/index.php?rest_route=%2Fwp%2Fv2%2Fcomments&post=2793"}],"version-history":[{"count":1,"href":"https:\/\/www.judokwailausanne.ch\/index.php?rest_route=\/wp\/v2\/posts\/2793\/revisions"}],"predecessor-version":[{"id":8966,"href":"https:\/\/www.judokwailausanne.ch\/index.php?rest_route=\/wp\/v2\/posts\/2793\/revisions\/8966"}],"wp:featuredmedia":[{"embeddable":true,"href":"https:\/\/www.judokwailausanne.ch\/index.php?rest_route=\/wp\/v2\/media\/4759"}],"wp:attachment":[{"href":"https:\/\/www.judokwailausanne.ch\/index.php?rest_route=%2Fwp%2Fv2%2Fmedia&parent=2793"}],"wp:term":[{"taxonomy":"category","embeddable":true,"href":"https:\/\/www.judokwailausanne.ch\/index.php?rest_route=%2Fwp%2Fv2%2Fcategories&post=2793"},{"taxonomy":"post_tag","embeddable":true,"href":"https:\/\/www.judokwailausanne.ch\/index.php?rest_route=%2Fwp%2Fv2%2Ftags&post=2793"}],"curies":[{"name":"wp","href":"https:\/\/api.w.org\/{rel}","templated":true}]}}