{"id":28290,"date":"2025-10-13T09:03:59","date_gmt":"2025-10-13T07:03:59","guid":{"rendered":"https:\/\/www.judokwailausanne.ch\/?p=28290"},"modified":"2026-04-08T16:47:19","modified_gmt":"2026-04-08T14:47:19","slug":"leysin-2024-new-2","status":"publish","type":"post","link":"https:\/\/www.judokwailausanne.ch\/?p=28290","title":{"rendered":"Leysin 2025"},"content":{"rendered":"<p>[et_pb_section fb_built=\u00a0\u00bb1&Prime; _builder_version=\u00a0\u00bb4.16&Prime; global_colors_info=\u00a0\u00bb{}\u00a0\u00bb][et_pb_row _builder_version=\u00a0\u00bb4.16&Prime; background_size=\u00a0\u00bbinitial\u00a0\u00bb background_position=\u00a0\u00bbtop_left\u00a0\u00bb background_repeat=\u00a0\u00bbrepeat\u00a0\u00bb global_colors_info=\u00a0\u00bb{}\u00a0\u00bb][et_pb_column type=\u00a0\u00bb4_4&Prime; _builder_version=\u00a0\u00bb4.16&Prime; custom_padding=\u00a0\u00bb|||\u00a0\u00bb global_colors_info=\u00a0\u00bb{}\u00a0\u00bb custom_padding__hover=\u00a0\u00bb|||\u00a0\u00bb][et_pb_accordion _builder_version=\u00a0\u00bb4.27.4&Prime; _module_preset=\u00a0\u00bbdefault\u00a0\u00bb background_color=\u00a0\u00bbRGBA(0,0,0,0)\u00a0\u00bb locked=\u00a0\u00bboff\u00a0\u00bb global_colors_info=\u00a0\u00bb{}\u00a0\u00bb][et_pb_accordion_item title=\u00a0\u00bbWeek-end 100% ju-Jitsu \u00a0\u00bb open=\u00a0\u00bbon\u00a0\u00bb _builder_version=\u00a0\u00bb4.27.4&Prime; _module_preset=\u00a0\u00bbdefault\u00a0\u00bb border_style_all=\u00a0\u00bbnone\u00a0\u00bb box_shadow_style=\u00a0\u00bbpreset2&Prime; global_colors_info=\u00a0\u00bb{}\u00a0\u00bb]<\/p>\n<p>La section Ju-jitsu du Judo Kwai Lausanne organise un week-end Ju-jitsu du 8 au 9.11.2025 \u00e0 Leysin\/VD.<\/p>\n<p>Le nombre de places est limit\u00e9e.<br \/><strong>R\u00e9servez votre place et inscrivez-vous <\/strong><strong> d\u00e8s maintenant<\/strong> pour ce week-end !<\/p>\n<p>&nbsp;<\/p>\n<p><a href=\"https:\/\/www.judokwailausanne.ch\/cmsv3\/wp-content\/uploads\/2025\/09\/affiche-leysin-2025.jpg\" target=\"_blank\" rel=\"noopener\"><img fetchpriority=\"high\" fetchpriority=\"high\" decoding=\"async\" src=\"https:\/\/www.judokwailausanne.ch\/cmsv3\/wp-content\/uploads\/2025\/09\/affiche-leysin-2025-212x300.jpg\" width=\"212\" height=\"300\" alt=\"\" class=\"wp-image-28387 aligncenter size-medium\" \/><\/a><\/p>\n<p>&nbsp;<\/p>\n<p>[\/et_pb_accordion_item][et_pb_accordion_item title=\u00a0\u00bbProgramme\u00a0\u00bb _builder_version=\u00a0\u00bb4.27.4&Prime; _module_preset=\u00a0\u00bbdefault\u00a0\u00bb box_shadow_style=\u00a0\u00bbpreset2&Prime; global_colors_info=\u00a0\u00bb{}\u00a0\u00bb open=\u00a0\u00bboff\u00a0\u00bb]<\/p>\n<p><strong>Vendredi 7 novembre :<\/strong><br \/>d\u00e8s 18h00 : Acc\u00e8s au chalet &#8211; repas en commun &#8211; acc\u00e8s aux dortoirs<\/p>\n<p><strong>Samedi 8 novembre :<\/strong><br \/>9h00 \u00e0 13h00 : <a href=\"https:\/\/www.judo-vaud.ch\/?p=10298\" target=\"_blank\" rel=\"noopener\">Cours technique AVJJ<\/a> avec A. Schreiber et A. Vernay<br \/>15h00 \u00e0 17h30 : <a href=\"https:\/\/sjv.ch\/agenda\" target=\"_blank\" rel=\"noopener\">Cours technique<\/a> F. Parisi et les moniteurs du JKL (1e partie)*<\/p>\n<p><strong>Dimanche 9 novembre :<\/strong><br \/>8h30 \u00e0 9h30 : D\u00e9jeuner et rangements<br \/>9h00 \u00e0 10h30 : <a href=\"https:\/\/sjv.ch\/agenda\" target=\"_blank\" rel=\"noopener\">Cours technique<\/a> F. Parisi et les moniteurs du JKL (2e partie)*<br \/>11h00 \u00e0 12h30 : Examen kyu pour les personnes int\u00e9ress\u00e9es<\/p>\n<p>*Les deux cours du samedi apr\u00e8s-midi et dimanche matin suivis int\u00e9gralement (4h) valent pour un cours technique officiel inscrit dans la licence.<\/p>\n<p>[\/et_pb_accordion_item][et_pb_accordion_item title=\u00a0\u00bbInfo pratiques \u00a0\u00bb _builder_version=\u00a0\u00bb4.27.4&Prime; _module_preset=\u00a0\u00bbdefault\u00a0\u00bb box_shadow_style=\u00a0\u00bbpreset2&Prime; global_colors_info=\u00a0\u00bb{}\u00a0\u00bb open=\u00a0\u00bboff\u00a0\u00bb]<\/p>\n<p><strong>H\u00e9bergement:<\/strong><br \/>L\u2019h\u00e9bergement aura lieu au <a href=\"https:\/\/www.google.ch\/maps\/place\/Esp%C3%A9rance\/@46.3440565,7.0026709,17z\/data=!3m1!4b1!4m6!3m5!1s0x478e96f418aac6ff:0x2696046ea6b1ca84!8m2!3d46.3440565!4d7.0052458!16s%2Fg%2F1ptz66lxm?coh=178572&amp;entry=tt&amp;shorturl=1\" target=\"_blank\" rel=\"noopener\">Chalet L\u2019Esp\u00e9rance<\/a>, dans des dortoirs. Les participants sont responsables d\u2019amener leur propre sac de couchage.<br \/>Les personnes int\u00e9ress\u00e9es peuvent dormir sur place d\u00e8s la nuit du vendredi 24 novembre.<\/p>\n<p><strong>Salle de sport :<\/strong><br \/>Les entrainements auront lieu dans<a href=\"https:\/\/goo.gl\/maps\/PNu69TDJHNvHhhac7\" target=\"_blank\" rel=\"noopener\"> la salle de gym de l\u2019ancien coll\u00e8ge<\/a>.<\/p>\n<p><strong>Repas :<\/strong><br \/>Les petites d\u00e9jeuners et les repas de samedi midi et soir sont compris dans le prix. Les personnes qui arrivent le vendredi soir apportent leur propre repas.<\/p>\n<p><strong>D\u00e9placement :<\/strong><br \/>Les personnes qui le souhaitent peuvent s\u2019annoncer pour voyager dans le bus du JKL. (Vendredi soir et dimanche apr\u00e8s-midi ; 9 places disponibles dans l\u2019ordre d\u2019inscription).<br \/>Autrement, chacun se rend \u00e0 Leysin par ses propres moyens.<\/p>\n<p>[\/et_pb_accordion_item][et_pb_accordion_item title=\u00a0\u00bbPrix\u00a0\u00bb _builder_version=\u00a0\u00bb4.27.4&Prime; _module_preset=\u00a0\u00bbdefault\u00a0\u00bb box_shadow_style=\u00a0\u00bbpreset2&Prime; global_colors_info=\u00a0\u00bb{}\u00a0\u00bb open=\u00a0\u00bboff\u00a0\u00bb]<\/p>\n<p><strong>Pour les membres du JKL:<\/strong><br \/>CHF 100.- par participant, CHF 70.- pour les \u00e9tudiants.<\/p>\n<p><strong>Pour les autres clubs :<\/strong><br \/>CHF 120.- par participant, CHF 90.- pour les \u00e9tudiants.<\/p>\n<p>Ce prix couvre les frais pour tout le week-end (cours, repas, h\u00e9bergement).<\/p>\n<p>Notez que le cours du samedi matin est offert par l&rsquo;AVJJ \u00e0 ses membres. Les pratiquants d&rsquo;un autre canton devront payer les CHF 40.- de participations.<\/p>\n<p>[\/et_pb_accordion_item][et_pb_accordion_item title=\u00a0\u00bbInscriptions\u00a0\u00bb _builder_version=\u00a0\u00bb4.27.4&Prime; _module_preset=\u00a0\u00bbdefault\u00a0\u00bb box_shadow_style=\u00a0\u00bbpreset2&Prime; global_colors_info=\u00a0\u00bb{}\u00a0\u00bb open=\u00a0\u00bboff\u00a0\u00bb]<\/p>\n<p>Inscription via <a href=\"https:\/\/forms.gle\/NAVrTm8Jmj7B91GB6\" target=\"_blank\" rel=\"noopener\">formulaire ici<\/a>.<\/p>\n<p>Date limite d\u2019inscription: 5<strong> novembre 2025<\/strong><\/p>\n<p>Nombre de places limit\u00e9 : premiers inscrits&#8230;<\/p>\n<p>[\/et_pb_accordion_item][et_pb_accordion_item title=\u00a0\u00bbInformations &#8211; questions\u00a0\u00bb _builder_version=\u00a0\u00bb4.27.4&Prime; _module_preset=\u00a0\u00bbdefault\u00a0\u00bb box_shadow_style=\u00a0\u00bbpreset2&Prime; global_colors_info=\u00a0\u00bb{}\u00a0\u00bb open=\u00a0\u00bboff\u00a0\u00bb]<\/p>\n<p>Pour toute question : <a href=\"mailto:ju-jitsu@judokwailausanne.ch\">nous contacter<\/a>.<\/p>\n<p>Visitez <a href=\"https:\/\/www.judokwailausanne.ch\/?p=26655\">cette page<\/a> pour voir le r\u00e9sum\u00e9 du stage Leysin 2024.<\/p>\n<p>[\/et_pb_accordion_item][\/et_pb_accordion][\/et_pb_column][\/et_pb_row][\/et_pb_section]<\/p>\n","protected":false},"excerpt":{"rendered":"<p>La section Ju-jitsu du Judo Kwai Lausanne organise un week-end Ju-jitsu du 8 au 9.11.2025 \u00e0 Leysin\/VD. Le nombre de places est limit\u00e9e.R\u00e9servez votre place et inscrivez-vous d\u00e8s maintenant pour ce week-end ! &nbsp; &nbsp;Vendredi 7 novembre :d\u00e8s 18h00 : Acc\u00e8s au chalet &#8211; repas en commun &#8211; acc\u00e8s aux dortoirs Samedi 8 novembre :9h00 [&hellip;]<\/p>\n","protected":false},"author":3,"featured_media":26657,"comment_status":"open","ping_status":"open","sticky":false,"template":"","format":"standard","meta":{"_et_pb_use_builder":"on","_et_pb_old_content":"La section Ju-jitsu du Judo Kwai Lausanne organise un week-end Ju-jitsu les 25 et\u00a026.11.2023 \u00e0 Leysin\/VD.\r\n\r\n<!--more-->\r\nR\u00e9servez votre place pour le week-end de ju-jitsu \r\n<a href=\"https:\/\/forms.gle\/TcChy8g5qmngYqHJ7\" rel=\"noopener\" target=\"_blank\">Formulaire d'inscription<\/a>\r\n\r\n<a href=\"https:\/\/www.judokwailausanne.ch\/cmsv3\/wp-content\/uploads\/2023\/01\/25-26.11.2023-affiche-camp.pdf\">25-26.11.2023-affiche-camp<\/a>\r\n\r\nNombre de places limit\u00e9es !","_et_gb_content_width":"","footnotes":""},"categories":[35,65,33,108],"tags":[],"class_list":["post-28290","post","type-post","status-publish","format-standard","has-post-thumbnail","hentry","category-cours-differents","category-entrainements","category-ju-jitsu","category-stage-leysin"],"_links":{"self":[{"href":"https:\/\/www.judokwailausanne.ch\/index.php?rest_route=\/wp\/v2\/posts\/28290","targetHints":{"allow":["GET"]}}],"collection":[{"href":"https:\/\/www.judokwailausanne.ch\/index.php?rest_route=\/wp\/v2\/posts"}],"about":[{"href":"https:\/\/www.judokwailausanne.ch\/index.php?rest_route=\/wp\/v2\/types\/post"}],"author":[{"embeddable":true,"href":"https:\/\/www.judokwailausanne.ch\/index.php?rest_route=\/wp\/v2\/users\/3"}],"replies":[{"embeddable":true,"href":"https:\/\/www.judokwailausanne.ch\/index.php?rest_route=%2Fwp%2Fv2%2Fcomments&post=28290"}],"version-history":[{"count":10,"href":"https:\/\/www.judokwailausanne.ch\/index.php?rest_route=\/wp\/v2\/posts\/28290\/revisions"}],"predecessor-version":[{"id":28588,"href":"https:\/\/www.judokwailausanne.ch\/index.php?rest_route=\/wp\/v2\/posts\/28290\/revisions\/28588"}],"wp:featuredmedia":[{"embeddable":true,"href":"https:\/\/www.judokwailausanne.ch\/index.php?rest_route=\/wp\/v2\/media\/26657"}],"wp:attachment":[{"href":"https:\/\/www.judokwailausanne.ch\/index.php?rest_route=%2Fwp%2Fv2%2Fmedia&parent=28290"}],"wp:term":[{"taxonomy":"category","embeddable":true,"href":"https:\/\/www.judokwailausanne.ch\/index.php?rest_route=%2Fwp%2Fv2%2Fcategories&post=28290"},{"taxonomy":"post_tag","embeddable":true,"href":"https:\/\/www.judokwailausanne.ch\/index.php?rest_route=%2Fwp%2Fv2%2Ftags&post=28290"}],"curies":[{"name":"wp","href":"https:\/\/api.w.org\/{rel}","templated":true}]}}