{"id":28429,"date":"2025-09-23T11:21:36","date_gmt":"2025-09-23T09:21:36","guid":{"rendered":"https:\/\/www.judokwailausanne.ch\/?p=28429"},"modified":"2025-09-23T11:22:14","modified_gmt":"2025-09-23T09:22:14","slug":"lna-homme-2025-tour3","status":"publish","type":"post","link":"https:\/\/www.judokwailausanne.ch\/?p=28429","title":{"rendered":"3\u00e8me tour du championnat LNA masculin par \u00e9quipe !"},"content":{"rendered":"<p><span style=\"font-weight: bold;\">Le troisi\u00e8me tour du championnat LNA masculin par \u00e9quipe<\/span> a eu lieu \u00e0 Lausanne samedi pass\u00e9.<\/p>\n<p><!--more--><\/p>\n<p>Samedi 20 septembre\u00a0a eu lieu le 3\u00e8me tour de LNA pour notre \u00e9quipe masculine dans notre dojo.<\/p>\n<div dir=\"auto\">Elle gagne 8-2 contre Team Gen\u00e8ve !<\/div>\n<div dir=\"auto\"><\/div>\n<div dir=\"auto\">F\u00e9licitations \u00e0 tous pour leurs beaux combats et vivement la prochaine rencontre qui se d\u00e9roulera \u00e0 Brugg le 18 octobre !<\/div>\n","protected":false},"excerpt":{"rendered":"<p>Le troisi\u00e8me tour du championnat LNA masculin par \u00e9quipe a eu lieu \u00e0 Lausanne samedi pass\u00e9.<\/p>\n","protected":false},"author":8,"featured_media":28431,"comment_status":"open","ping_status":"open","sticky":false,"template":"","format":"standard","meta":{"_et_pb_use_builder":"","_et_pb_old_content":"","_et_gb_content_width":"","footnotes":""},"categories":[49,63,48,99],"tags":[],"class_list":["post-28429","post","type-post","status-publish","format-standard","has-post-thumbnail","hentry","category-club100","category-competition","category-judo","category-lna"],"_links":{"self":[{"href":"https:\/\/www.judokwailausanne.ch\/index.php?rest_route=\/wp\/v2\/posts\/28429","targetHints":{"allow":["GET"]}}],"collection":[{"href":"https:\/\/www.judokwailausanne.ch\/index.php?rest_route=\/wp\/v2\/posts"}],"about":[{"href":"https:\/\/www.judokwailausanne.ch\/index.php?rest_route=\/wp\/v2\/types\/post"}],"author":[{"embeddable":true,"href":"https:\/\/www.judokwailausanne.ch\/index.php?rest_route=\/wp\/v2\/users\/8"}],"replies":[{"embeddable":true,"href":"https:\/\/www.judokwailausanne.ch\/index.php?rest_route=%2Fwp%2Fv2%2Fcomments&post=28429"}],"version-history":[{"count":2,"href":"https:\/\/www.judokwailausanne.ch\/index.php?rest_route=\/wp\/v2\/posts\/28429\/revisions"}],"predecessor-version":[{"id":28432,"href":"https:\/\/www.judokwailausanne.ch\/index.php?rest_route=\/wp\/v2\/posts\/28429\/revisions\/28432"}],"wp:featuredmedia":[{"embeddable":true,"href":"https:\/\/www.judokwailausanne.ch\/index.php?rest_route=\/wp\/v2\/media\/28431"}],"wp:attachment":[{"href":"https:\/\/www.judokwailausanne.ch\/index.php?rest_route=%2Fwp%2Fv2%2Fmedia&parent=28429"}],"wp:term":[{"taxonomy":"category","embeddable":true,"href":"https:\/\/www.judokwailausanne.ch\/index.php?rest_route=%2Fwp%2Fv2%2Fcategories&post=28429"},{"taxonomy":"post_tag","embeddable":true,"href":"https:\/\/www.judokwailausanne.ch\/index.php?rest_route=%2Fwp%2Fv2%2Ftags&post=28429"}],"curies":[{"name":"wp","href":"https:\/\/api.w.org\/{rel}","templated":true}]}}