{"id":28487,"date":"2025-10-05T17:35:23","date_gmt":"2025-10-05T15:35:23","guid":{"rendered":"https:\/\/www.judokwailausanne.ch\/?p=28487"},"modified":"2025-10-05T17:35:23","modified_gmt":"2025-10-05T15:35:23","slug":"nouveau-instructeur-kata-2-3-2-2-2-2-2-2-2-2-2-2-2-2-2-3-2-3-3-2-2","status":"publish","type":"post","link":"https:\/\/www.judokwailausanne.ch\/?p=28487","title":{"rendered":"Deux belles victoires pour notre \u00e9quipe masculine de 2e ligue !"},"content":{"rendered":"<p style=\"margin: 0in; font-family: Arial; font-size: 11.0pt;\">Le 2 octobre, l\u2019\u00e9quipe masculine de 2e ligue s\u2019est illustr\u00e9e lors du Tour N\u00b07 organis\u00e9 par le JT Cortaillod (NE) en remportant ses deux rencontres :<\/p>\n<ul style=\"direction: ltr; unicode-bidi: embed; margin-top: 0in; margin-bottom: 0in;\" type=\"disc\">\n<li style=\"margin-top: 0; margin-bottom: 0; vertical-align: middle;\"><span style=\"font-family: 'Segoe UI Emoji'; font-size: 11.0pt;\">\ud83e\udd4b<\/span><span style=\"font-family: Arial; font-size: 11.0pt;\"> JKL \u2013 Cortaillod : 6\u20134<\/span><\/li>\n<li style=\"margin-top: 0; margin-bottom: 0; vertical-align: middle;\"><span style=\"font-family: 'Segoe UI Emoji'; font-size: 11.0pt;\">\ud83e\udd4b<\/span><span style=\"font-family: Arial; font-size: 11.0pt;\"> JKL \u2013 Attalens : 8\u20132<\/span><\/li>\n<\/ul>\n<p style=\"margin: 0in; font-family: Arial; font-size: 11.0pt;\">De beaux combats et une belle coh\u00e9sion d\u2019\u00e9quipe ont permis \u00e0 nos judokas de s\u2019imposer face \u00e0 deux adversaires solides.<\/p>\n<p style=\"margin: 0in; font-family: Arial; font-size: 11.0pt;\">Un grand merci aux arbitres, Marylise Cl\u00e9ment et Marcio Mendes, ainsi qu\u2019au JT Cortaillod pour leur excellent accueil et l\u2019organisation de cette journ\u00e9e.<\/p>\n<p style=\"margin: 0in; font-family: Arial; font-size: 11.0pt;\">F\u00e9licitations \u00e0 toute l\u2019\u00e9quipe pour ces tr\u00e8s bons r\u00e9sultats !<\/p>\n","protected":false},"excerpt":{"rendered":"<p>Le 2 octobre, l\u2019\u00e9quipe masculine de 2e ligue s\u2019est illustr\u00e9e lors du Tour N\u00b07 organis\u00e9 par le JT Cortaillod (NE) en remportant ses deux rencontres : \ud83e\udd4b JKL \u2013 Cortaillod : 6\u20134 \ud83e\udd4b JKL \u2013 Attalens : 8\u20132 De beaux combats et une belle coh\u00e9sion d\u2019\u00e9quipe ont permis \u00e0 nos judokas de s\u2019imposer face \u00e0 [&hellip;]<\/p>\n","protected":false},"author":25,"featured_media":28488,"comment_status":"open","ping_status":"open","sticky":false,"template":"","format":"standard","meta":{"_et_pb_use_builder":"","_et_pb_old_content":"","_et_gb_content_width":"","footnotes":""},"categories":[63,22,48],"tags":[],"class_list":["post-28487","post","type-post","status-publish","format-standard","has-post-thumbnail","hentry","category-competition","category-equipe-competition","category-judo"],"_links":{"self":[{"href":"https:\/\/www.judokwailausanne.ch\/index.php?rest_route=\/wp\/v2\/posts\/28487","targetHints":{"allow":["GET"]}}],"collection":[{"href":"https:\/\/www.judokwailausanne.ch\/index.php?rest_route=\/wp\/v2\/posts"}],"about":[{"href":"https:\/\/www.judokwailausanne.ch\/index.php?rest_route=\/wp\/v2\/types\/post"}],"author":[{"embeddable":true,"href":"https:\/\/www.judokwailausanne.ch\/index.php?rest_route=\/wp\/v2\/users\/25"}],"replies":[{"embeddable":true,"href":"https:\/\/www.judokwailausanne.ch\/index.php?rest_route=%2Fwp%2Fv2%2Fcomments&post=28487"}],"version-history":[{"count":2,"href":"https:\/\/www.judokwailausanne.ch\/index.php?rest_route=\/wp\/v2\/posts\/28487\/revisions"}],"predecessor-version":[{"id":28490,"href":"https:\/\/www.judokwailausanne.ch\/index.php?rest_route=\/wp\/v2\/posts\/28487\/revisions\/28490"}],"wp:featuredmedia":[{"embeddable":true,"href":"https:\/\/www.judokwailausanne.ch\/index.php?rest_route=\/wp\/v2\/media\/28488"}],"wp:attachment":[{"href":"https:\/\/www.judokwailausanne.ch\/index.php?rest_route=%2Fwp%2Fv2%2Fmedia&parent=28487"}],"wp:term":[{"taxonomy":"category","embeddable":true,"href":"https:\/\/www.judokwailausanne.ch\/index.php?rest_route=%2Fwp%2Fv2%2Fcategories&post=28487"},{"taxonomy":"post_tag","embeddable":true,"href":"https:\/\/www.judokwailausanne.ch\/index.php?rest_route=%2Fwp%2Fv2%2Ftags&post=28487"}],"curies":[{"name":"wp","href":"https:\/\/api.w.org\/{rel}","templated":true}]}}