{"id":28548,"date":"2025-10-13T18:10:57","date_gmt":"2025-10-13T16:10:57","guid":{"rendered":"https:\/\/www.judokwailausanne.ch\/?p=28548"},"modified":"2025-10-13T18:10:57","modified_gmt":"2025-10-13T16:10:57","slug":"nouveau-instructeur-kata-2-3-2-2-2-2-2-2-2-2-2-2-2-2-2-3-2-3-3-2-2-2-2","status":"publish","type":"post","link":"https:\/\/www.judokwailausanne.ch\/?p=28548","title":{"rendered":"\ud83e\udd4b Le JKL \u00e0 la Semaine Olympique 2025 !"},"content":{"rendered":"<p style=\"margin: 0in; font-family: Arial; font-size: 11.0pt;\">Le JKL a le plaisir de participer \u00e0 la <a href=\"https:\/\/museum.olympics.com\/docs\/events\/semaine-olympique-2025\/Programme-General-Semaine-Olympique.pdf\">Semaine Olympique 2025<\/a>, organis\u00e9e par le Mus\u00e9e Olympique du 12 au 16 octobre \u00e0 Lausanne.<\/p>\n<p style=\"margin: 0in; font-family: Arial; font-size: 11.0pt;\">Cet \u00e9v\u00e9nement, qui met \u00e0 l\u2019honneur les valeurs du sport et de l\u2019olympisme, a permis \u00e0 des centaines d\u2019enfants de d\u00e9couvrir de nouvelles disciplines\u2026 dont le judo !<\/p>\n<p style=\"margin: 0in; font-family: Arial; font-size: 16.0pt;\"><span style=\"font-weight: bold;\">70 enfants ont d\u00e9couvert le judo avec nous !<\/span><\/p>\n<p style=\"margin: 0in; font-family: Arial; font-size: 11.0pt;\">Ce lundi, notre \u00e9quipe a accueilli pr\u00e8s de 70 enfants venus s\u2019initier au judo.<\/p>\n<p style=\"margin: 0in; font-family: Arial; font-size: 11.0pt;\">Au programme : chutes, jeux d\u2019\u00e9quilibre, techniques de base et surtout beaucoup de rires et de curiosit\u00e9 !<\/p>\n<p style=\"margin: 0in; font-family: Arial; font-size: 11.0pt;\">Une belle occasion de partager notre passion, de transmettre les valeurs du respect, du contr\u00f4le de soi et de la camaraderie, et pourquoi pas, de susciter quelques vocations.<\/p>\n<p style=\"margin: 0in; font-family: Arial; font-size: 16.0pt;\"><span style=\"font-weight: bold;\">Merci \u00e0 tous<\/span><\/p>\n<p style=\"margin: 0in; font-family: Arial; font-size: 11.0pt;\">Un grand merci \u00e0 Tatsuto Shima et aux b\u00e9n\u00e9voles pr\u00e9sents pour leur \u00e9nergie et leur disponibilit\u00e9, ainsi qu\u2019au Mus\u00e9e Olympique pour l\u2019organisation impeccable de cette semaine plac\u00e9e sous le signe du sport et de la d\u00e9couverte.<\/p>\n<p style=\"margin: 0in; font-family: Arial; font-size: 16.0pt;\"><span style=\"font-weight: bold;\">Et la suite ?<\/span><\/p>\n<p style=\"margin: 0in; font-family: Arial; font-size: 11.0pt;\">La Semaine Olympique continue jusqu\u2019au 16 octobre !<\/p>\n<p style=\"margin: 0in; font-family: Arial; font-size: 11.0pt;\">Et pour tous ceux qui veulent prolonger l\u2019exp\u00e9rience, nos cours d\u2019essai sont ouverts toute l\u2019ann\u00e9e.<\/p>\n<p>&nbsp;<\/p>\n","protected":false},"excerpt":{"rendered":"<p>Le JKL a le plaisir de participer \u00e0 la Semaine Olympique 2025, organis\u00e9e par le Mus\u00e9e Olympique du 12 au 16 octobre \u00e0 Lausanne. Cet \u00e9v\u00e9nement, qui met \u00e0 l\u2019honneur les valeurs du sport et de l\u2019olympisme, a permis \u00e0 des centaines d\u2019enfants de d\u00e9couvrir de nouvelles disciplines\u2026 dont le judo ! 70 enfants ont [&hellip;]<\/p>\n","protected":false},"author":25,"featured_media":28549,"comment_status":"open","ping_status":"open","sticky":false,"template":"","format":"standard","meta":{"_et_pb_use_builder":"","_et_pb_old_content":"","_et_gb_content_width":"","footnotes":""},"categories":[54,48],"tags":[],"class_list":["post-28548","post","type-post","status-publish","format-standard","has-post-thumbnail","hentry","category-initiations","category-judo"],"_links":{"self":[{"href":"https:\/\/www.judokwailausanne.ch\/index.php?rest_route=\/wp\/v2\/posts\/28548","targetHints":{"allow":["GET"]}}],"collection":[{"href":"https:\/\/www.judokwailausanne.ch\/index.php?rest_route=\/wp\/v2\/posts"}],"about":[{"href":"https:\/\/www.judokwailausanne.ch\/index.php?rest_route=\/wp\/v2\/types\/post"}],"author":[{"embeddable":true,"href":"https:\/\/www.judokwailausanne.ch\/index.php?rest_route=\/wp\/v2\/users\/25"}],"replies":[{"embeddable":true,"href":"https:\/\/www.judokwailausanne.ch\/index.php?rest_route=%2Fwp%2Fv2%2Fcomments&post=28548"}],"version-history":[{"count":2,"href":"https:\/\/www.judokwailausanne.ch\/index.php?rest_route=\/wp\/v2\/posts\/28548\/revisions"}],"predecessor-version":[{"id":28551,"href":"https:\/\/www.judokwailausanne.ch\/index.php?rest_route=\/wp\/v2\/posts\/28548\/revisions\/28551"}],"wp:featuredmedia":[{"embeddable":true,"href":"https:\/\/www.judokwailausanne.ch\/index.php?rest_route=\/wp\/v2\/media\/28549"}],"wp:attachment":[{"href":"https:\/\/www.judokwailausanne.ch\/index.php?rest_route=%2Fwp%2Fv2%2Fmedia&parent=28548"}],"wp:term":[{"taxonomy":"category","embeddable":true,"href":"https:\/\/www.judokwailausanne.ch\/index.php?rest_route=%2Fwp%2Fv2%2Fcategories&post=28548"},{"taxonomy":"post_tag","embeddable":true,"href":"https:\/\/www.judokwailausanne.ch\/index.php?rest_route=%2Fwp%2Fv2%2Ftags&post=28548"}],"curies":[{"name":"wp","href":"https:\/\/api.w.org\/{rel}","templated":true}]}}