{"id":28573,"date":"2025-10-19T14:18:03","date_gmt":"2025-10-19T12:18:03","guid":{"rendered":"https:\/\/www.judokwailausanne.ch\/?p=28573"},"modified":"2025-10-19T14:26:19","modified_gmt":"2025-10-19T12:26:19","slug":"nouveau-instructeur-kata-2-3-2-2-2-2-2-2-2-2-2-2-2-2-2-3-2-3-3-2-2-2-2-2-2","status":"publish","type":"post","link":"https:\/\/www.judokwailausanne.ch\/?p=28573","title":{"rendered":"Le JKL en action \u00e0 Langnau \u2013 le ju-jitsu \u00e0 l\u2019honneur !"},"content":{"rendered":"<p style=\"margin: 0in; font-family: Arial; font-size: 11.0pt;\">Le samedi 18 octobre, notre co-pr\u00e9sident Arnaud Vernay (4\u1d49 Dan de ju-jitsu et 2\u00e8me Dan de judo) a anim\u00e9 un stage \u00e0 Langnau, r\u00e9unissant une quinzaine de pratiquants venus partager un moment d\u2019entra\u00eenement intense et convivial.<\/p>\n<p style=\"margin: 0in; font-family: Arial; font-size: 11.0pt;\">Invit\u00e9 par Hanna Gronewold, ancienne du JKL et et de Lara Scholz, Pr\u00e9sidente du Budo Club Langnau, Arnaud a propos\u00e9 un travail riche en \u00e9changes techniques et en bonne humeur.<\/p>\n<p style=\"margin: 0in; font-family: Arial; font-size: 11.0pt;\">Une belle journ\u00e9e de pratique, de partage et d\u2019esprit budo, dans la plus pure tradition du ju-jitsu.<\/p>\n<p style=\"margin: 0in; font-family: Arial; font-size: 11.0pt;\">Un grand merci au Budo Club Langnau pour leur accueil chaleureux et l\u2019excellente organisation de cette journ\u00e9e !<\/p>\n<p style=\"margin: 0in; font-size: 11.0pt;\"><span style=\"font-family: 'Segoe UI Emoji';\">\ud83d\udc49<\/span><span style=\"font-family: Arial;\"> Leur site : <a href=\"https:\/\/www.budolangnau.ch\/\" target=\"_blank\" rel=\"noopener\">Budo Club Langnau<\/a><\/span><\/p>\n<p style=\"margin: 0in; font-size: 11.0pt;\"><span style=\"font-family: 'Segoe UI Emoji';\">\ud83d\udcf8<\/span><span style=\"font-family: Arial;\"> Les photos de l\u2019\u00e9v\u00e9nement seront prochainement disponibles sur notre Instagram \u2014 restez connect\u00e9s !<\/span><\/p>\n","protected":false},"excerpt":{"rendered":"<p>Le samedi 18 octobre, notre co-pr\u00e9sident Arnaud Vernay (4\u1d49 Dan de ju-jitsu et 2\u00e8me Dan de judo) a anim\u00e9 un stage \u00e0 Langnau, r\u00e9unissant une quinzaine de pratiquants venus partager un moment d\u2019entra\u00eenement intense et convivial. Invit\u00e9 par Hanna Gronewold, ancienne du JKL et et de Lara Scholz, Pr\u00e9sidente du Budo Club Langnau, Arnaud a [&hellip;]<\/p>\n","protected":false},"author":25,"featured_media":28574,"comment_status":"open","ping_status":"open","sticky":false,"template":"","format":"standard","meta":{"_et_pb_use_builder":"","_et_pb_old_content":"","_et_gb_content_width":"","footnotes":""},"categories":[65,33],"tags":[],"class_list":["post-28573","post","type-post","status-publish","format-standard","has-post-thumbnail","hentry","category-entrainements","category-ju-jitsu"],"_links":{"self":[{"href":"https:\/\/www.judokwailausanne.ch\/index.php?rest_route=\/wp\/v2\/posts\/28573","targetHints":{"allow":["GET"]}}],"collection":[{"href":"https:\/\/www.judokwailausanne.ch\/index.php?rest_route=\/wp\/v2\/posts"}],"about":[{"href":"https:\/\/www.judokwailausanne.ch\/index.php?rest_route=\/wp\/v2\/types\/post"}],"author":[{"embeddable":true,"href":"https:\/\/www.judokwailausanne.ch\/index.php?rest_route=\/wp\/v2\/users\/25"}],"replies":[{"embeddable":true,"href":"https:\/\/www.judokwailausanne.ch\/index.php?rest_route=%2Fwp%2Fv2%2Fcomments&post=28573"}],"version-history":[{"count":4,"href":"https:\/\/www.judokwailausanne.ch\/index.php?rest_route=\/wp\/v2\/posts\/28573\/revisions"}],"predecessor-version":[{"id":28579,"href":"https:\/\/www.judokwailausanne.ch\/index.php?rest_route=\/wp\/v2\/posts\/28573\/revisions\/28579"}],"wp:featuredmedia":[{"embeddable":true,"href":"https:\/\/www.judokwailausanne.ch\/index.php?rest_route=\/wp\/v2\/media\/28574"}],"wp:attachment":[{"href":"https:\/\/www.judokwailausanne.ch\/index.php?rest_route=%2Fwp%2Fv2%2Fmedia&parent=28573"}],"wp:term":[{"taxonomy":"category","embeddable":true,"href":"https:\/\/www.judokwailausanne.ch\/index.php?rest_route=%2Fwp%2Fv2%2Fcategories&post=28573"},{"taxonomy":"post_tag","embeddable":true,"href":"https:\/\/www.judokwailausanne.ch\/index.php?rest_route=%2Fwp%2Fv2%2Ftags&post=28573"}],"curies":[{"name":"wp","href":"https:\/\/api.w.org\/{rel}","templated":true}]}}