{"id":28577,"date":"2025-10-19T14:33:04","date_gmt":"2025-10-19T12:33:04","guid":{"rendered":"https:\/\/www.judokwailausanne.ch\/?p=28577"},"modified":"2025-10-19T18:38:14","modified_gmt":"2025-10-19T16:38:14","slug":"nouveau-instructeur-kata-2-3-2-2-2-2-2-2-2-2-2-2-2-2-2-3-2-3-3-2-2-2-2-2","status":"publish","type":"post","link":"https:\/\/www.judokwailausanne.ch\/?p=28577","title":{"rendered":"Derni\u00e8re \u00e9tape avant le Final4 : le JKL s\u2019incline face \u00e0 Brugg"},"content":{"rendered":"<p style=\"margin: 0in; font-family: Arial; font-size: 12.0pt;\"><span style=\"font-weight: bold;\">Une derni\u00e8re rencontre compliqu\u00e9e<\/span><\/p>\n<p style=\"margin: 0in; font-family: Arial; font-size: 11.0pt;\">Le samedi 18 octobre, notre premi\u00e8re \u00e9quipe se d\u00e9pla\u00e7ait \u00e0 Brugg pour cl\u00f4turer le tour qualificatif du championnat 2025. Si la certitude de participer au Final4, qui aura lieu \u00e0 Lausanne (cf. d\u00e9tails plus bas), \u00e9tait acquise, le r\u00e9sultat de cette ultime confrontation s\u2019annon\u00e7ait moins \u00e9vident. Et pour cause : entre blessures, comp\u00e9titions \u00e0 l\u2019\u00e9tranger et stages, les coachs Francis et Jean-Marc ont d\u00fb composer avec une \u00e9quipe r\u00e9duite \u00e0 sa portion congrue : Matteo et David en -66, Marco en -73, Anthony en -81 et Rasmus en -90. En face, nos amis de Brugg devaient imp\u00e9rativement obtenir un r\u00e9sultat pour valider leur ticket au Final4 \u2014 rien n\u2019\u00e9tait encore acquis pour eux avant cette confrontation.<\/p>\n<p style=\"margin: 0in; font-family: Arial; font-size: 11.0pt;\">Apr\u00e8s trois heures de trajet et les in\u00e9vitables bouchons entre Berne et Zurich, nous d\u00e9barquons dans l\u2019antre du judo argovien. Brugg nous oppose une \u00e9quipe p\u00e9trie d\u2019exp\u00e9rience, compos\u00e9e d\u2019anciens m\u00e9daill\u00e9s nationaux et de comp\u00e9titeurs internationaux. Nos amis de Brugg veulent clairement garder la main sur leur destin. Nous voil\u00e0 avertis.<\/p>\n<p style=\"margin: 0in; font-family: Arial; font-size: 11.0pt;\">Le premier combat, celui des -90 kg, laisse le champ libre \u00e0 Ciril Grossklaus : le JKL n\u2019aligne personne en face. La limite du contingent oblige nos coachs \u00e0 un choix tactique : placer Rasmus en -90 ou en +90. Anthony affronte ensuite Adam Batsiev pour un combat aussi tendu que tactique. Les qualit\u00e9s d\u2019Anthony font la diff\u00e9rence : le JKL \u00e9galise. Au tour de Marco de monter sur le tatami pour en d\u00e9coudre avec Jannick Zimmermann en -73. Apr\u00e8s une minute, sur une attaque en uchi-mata, Marco est contr\u00e9. Ippon pour Jannick. Brugg repasse devant. Quatri\u00e8me combat : David, combattant habituellement en -60, affronte Magomed Batsiev, un redoutable judoka qui lui rend trente centim\u00e8tres. Une sacr\u00e9e opposition de styles ! L\u2019Argovien prend rapidement l\u2019avantage et passe un bel uchi-mata pour ippon. Avec trois combats gagn\u00e9s, Brugg est assur\u00e9 de remporter la rencontre. <span style=\"font-family: Arial;\">Le dernier combat voit s\u2019affronter Rasmus pour le JKL et Michael Kistler pour Brugg. L\u00e0 encore, un adversaire exp\u00e9riment\u00e9, avec un judo aussi efficace qu\u2019\u00e9l\u00e9gant. Apr\u00e8s avoir marqu\u00e9 un yuko \u00e0 mi-combat, Rasmus tente de contenir les assauts de son opposant\u2026 tout comme les effets d\u2019un arbitrage \u00ab \u00e9tonnant \u00bb (mais j\u2019ai promis de ne pas en dire plus sur le sujet <\/span><span style=\"font-family: 'Segoe UI Emoji';\">\ud83e\udee3<\/span><span style=\"font-family: Arial;\">). Apr\u00e8s avoir subi l\u2019\u00e9galisation de son adversaire, Rasmus doit finalement s\u2019incliner en toute fin de combat.<\/span><\/p>\n<p style=\"margin: 0in; font-family: Arial; font-size: 11.0pt;\">Le verre partag\u00e9 en fin de rencontre &#8211; un grand merci au club de Brugg pour son accueil ! &#8211; et le voyage de retour auront permis \u00e0 l\u2019\u00e9quipe de dig\u00e9rer cette d\u00e9faite 8\u20132 contre des Argoviens que nos gladiateurs retrouveront en demi-finale du Final4.<\/p>\n<p style=\"margin: 0in; font-size: 11.0pt;\"><span style=\"font-family: Arial;\">Il ne reste que quelques petites semaines pour se ressaisir, s\u2019entra\u00eener encore plus fort\u2026 et tout donner \u00e0 Lausanne, \u00e0 la maison ! <\/span><span style=\"font-family: 'Segoe UI Emoji';\">\ud83d\udcaa<\/span><\/p>\n<p style=\"margin: 0in; font-family: Arial; font-size: 11.0pt;\">Pour terminer, je souhaite remercier chaleureusement nos coachs Francis et Jean-Marc, mais aussi Philippe et Lucien, qui ont brav\u00e9 les longues heures de route pour venir soutenir la belle \u00e9quipe du JKL. Un immense merci \u00e0 eux !<\/p>\n<p style=\"margin: 0in;\"><span style=\"font-weight: bold; font-family: Arial; font-size: 12.0pt;\">IMPORTANT !<\/span><\/p>\n<p style=\"margin: 0in; font-family: Arial; font-size: 11.0pt;\">Le 8 novembre prochain, le Final4 se d\u00e9roulera \u00e0 Lausanne, dans la salle omnisports du Vieux Moulin, route des Plaines-du-Loup 6. Nous comptons sur tous les membres du JKL pour venir soutenir nos deux \u00e9quipes fanions (femmes et hommes), qui visent le titre national. Votre soutien est aussi important que la forme de nos combattantes et combattants !<\/p>\n<p style=\"margin: 0in; font-family: Arial; font-size: 11.0pt;\">Vous trouverez ci-dessous le lien vers l\u2019agenda de la F\u00e9d\u00e9ration suisse de judo et ju-jitsu, qui propose l\u2019horaire et les premiers d\u00e9tails de la journ\u00e9e :<\/p>\n<p style=\"margin: 0in; font-size: 11.0pt;\"><span style=\"font-family: 'Segoe UI Emoji';\">\ud83d\udd17 <\/span><a href=\"https:\/\/sjv.ch\/agenda\/view\/event\/14931\"><span style=\"font-family: Arial;\">Agenda FSJ \u2013 Final4 Lausanne<\/span><\/a><\/p>\n<p style=\"margin: 0in; font-family: 'Segoe UI Emoji'; font-size: 11.0pt;\">Allez le JKL !!!<\/p>\n<p><a href=\"https:\/\/www.judokwailausanne.ch\/cmsv3\/wp-content\/uploads\/2025\/10\/LNA_Brugg-scaled.jpg\" target=\"_blank\" rel=\"noopener\"><img fetchpriority=\"high\" fetchpriority=\"high\" decoding=\"async\" class=\"alignnone wp-image-28581\" src=\"https:\/\/www.judokwailausanne.ch\/cmsv3\/wp-content\/uploads\/2025\/10\/LNA_Brugg-1024x473.jpg\" alt=\"\" width=\"665\" height=\"307\" \/><\/a><\/p>\n","protected":false},"excerpt":{"rendered":"<p>Une derni\u00e8re rencontre compliqu\u00e9e Le samedi 18 octobre, notre premi\u00e8re \u00e9quipe se d\u00e9pla\u00e7ait \u00e0 Brugg pour cl\u00f4turer le tour qualificatif du championnat 2025. Si la certitude de participer au Final4, qui aura lieu \u00e0 Lausanne (cf. d\u00e9tails plus bas), \u00e9tait acquise, le r\u00e9sultat de cette ultime confrontation s\u2019annon\u00e7ait moins \u00e9vident. Et pour cause : entre [&hellip;]<\/p>\n","protected":false},"author":6,"featured_media":28585,"comment_status":"open","ping_status":"open","sticky":false,"template":"","format":"standard","meta":{"_et_pb_use_builder":"","_et_pb_old_content":"","_et_gb_content_width":"","footnotes":""},"categories":[63,22,48,99],"tags":[],"class_list":["post-28577","post","type-post","status-publish","format-standard","has-post-thumbnail","hentry","category-competition","category-equipe-competition","category-judo","category-lna"],"_links":{"self":[{"href":"https:\/\/www.judokwailausanne.ch\/index.php?rest_route=\/wp\/v2\/posts\/28577","targetHints":{"allow":["GET"]}}],"collection":[{"href":"https:\/\/www.judokwailausanne.ch\/index.php?rest_route=\/wp\/v2\/posts"}],"about":[{"href":"https:\/\/www.judokwailausanne.ch\/index.php?rest_route=\/wp\/v2\/types\/post"}],"author":[{"embeddable":true,"href":"https:\/\/www.judokwailausanne.ch\/index.php?rest_route=\/wp\/v2\/users\/6"}],"replies":[{"embeddable":true,"href":"https:\/\/www.judokwailausanne.ch\/index.php?rest_route=%2Fwp%2Fv2%2Fcomments&post=28577"}],"version-history":[{"count":6,"href":"https:\/\/www.judokwailausanne.ch\/index.php?rest_route=\/wp\/v2\/posts\/28577\/revisions"}],"predecessor-version":[{"id":28589,"href":"https:\/\/www.judokwailausanne.ch\/index.php?rest_route=\/wp\/v2\/posts\/28577\/revisions\/28589"}],"wp:featuredmedia":[{"embeddable":true,"href":"https:\/\/www.judokwailausanne.ch\/index.php?rest_route=\/wp\/v2\/media\/28585"}],"wp:attachment":[{"href":"https:\/\/www.judokwailausanne.ch\/index.php?rest_route=%2Fwp%2Fv2%2Fmedia&parent=28577"}],"wp:term":[{"taxonomy":"category","embeddable":true,"href":"https:\/\/www.judokwailausanne.ch\/index.php?rest_route=%2Fwp%2Fv2%2Fcategories&post=28577"},{"taxonomy":"post_tag","embeddable":true,"href":"https:\/\/www.judokwailausanne.ch\/index.php?rest_route=%2Fwp%2Fv2%2Ftags&post=28577"}],"curies":[{"name":"wp","href":"https:\/\/api.w.org\/{rel}","templated":true}]}}