{"id":28664,"date":"2025-11-03T08:05:52","date_gmt":"2025-11-03T07:05:52","guid":{"rendered":"https:\/\/www.judokwailausanne.ch\/?p=28664"},"modified":"2025-11-03T08:05:52","modified_gmt":"2025-11-03T07:05:52","slug":"nouveau-instructeur-kata-2-3-2-2-2-2-2-2-2-2-2-2-2-2-2-3-2-3-3-2-2-2-2-2-3-2","status":"publish","type":"post","link":"https:\/\/www.judokwailausanne.ch\/?p=28664","title":{"rendered":"Championnat vaudois par \u00e9quipe \u00e9coliers : Bravo \u00e0 nos jeunes judokas !"},"content":{"rendered":"<p style=\"margin: 0in; font-family: Arial; font-size: 11.0pt;\">Ce week-end, nos jeunes judokas ont particip\u00e9 aux Championnats vaudois par \u00e9quipes \u00e9coliers 2025, organis\u00e9s par le Judo Club Renens.<\/p>\n<p style=\"margin: 0in; font-family: Arial; font-size: 11.0pt;\">Nos deux \u00e9quipes ont donn\u00e9 le meilleur d\u2019elles-m\u00eames tout au long de la journ\u00e9e :<\/p>\n<ul style=\"direction: ltr; unicode-bidi: embed; margin-top: 0in; margin-bottom: 0in;\" type=\"disc\">\n<li style=\"margin-top: 0; margin-bottom: 0; vertical-align: middle;\"><span style=\"font-family: Arial; font-size: 11.0pt;\">l\u2019\u00e9quipe 1 termine \u00e0 une belle 3\u1d49 place,<\/span><\/li>\n<li style=\"margin-top: 0; margin-bottom: 0; vertical-align: middle;\"><span style=\"font-family: Arial; font-size: 11.0pt;\">l\u2019\u00e9quipe 2 se classe 6\u1d49, apr\u00e8s plusieurs combats courageux !<\/span><\/li>\n<\/ul>\n<p style=\"margin: 0in; font-size: 11.0pt;\"><span style=\"font-family: 'Segoe UI Emoji';\">\ud83d\udc4f<\/span><span style=\"font-family: Arial;\"> Un grand bravo \u00e0 tous pour leur engagement et leur esprit d\u2019\u00e9quipe <\/span><\/p>\n<p style=\"margin: 0in; font-family: Arial; font-size: 11.0pt;\">Un grand merci coachs et aux parents pour leur soutien tout au long de la journ\u00e9e ainsi qu&rsquo;au\u00a0Judo Club Renens pour l\u2019excellente organisation de la comp\u00e9tition !<\/p>\n<p><img fetchpriority=\"high\" fetchpriority=\"high\" decoding=\"async\" class=\"wp-image-28667 aligncenter\" src=\"https:\/\/www.judokwailausanne.ch\/cmsv3\/wp-content\/uploads\/2025\/11\/championnat_VD_2025_2-1024x768.jpg\" alt=\"\" width=\"530\" height=\"398\" \/><\/p>\n","protected":false},"excerpt":{"rendered":"<p>Ce week-end, nos jeunes judokas ont particip\u00e9 aux Championnats vaudois par \u00e9quipes \u00e9coliers 2025, organis\u00e9s par le Judo Club Renens. Nos deux \u00e9quipes ont donn\u00e9 le meilleur d\u2019elles-m\u00eames tout au long de la journ\u00e9e : l\u2019\u00e9quipe 1 termine \u00e0 une belle 3\u1d49 place, l\u2019\u00e9quipe 2 se classe 6\u1d49, apr\u00e8s plusieurs combats courageux ! \ud83d\udc4f Un [&hellip;]<\/p>\n","protected":false},"author":25,"featured_media":28666,"comment_status":"open","ping_status":"open","sticky":false,"template":"","format":"standard","meta":{"_et_pb_use_builder":"","_et_pb_old_content":"","_et_gb_content_width":"","footnotes":""},"categories":[63,22,48,24],"tags":[],"class_list":["post-28664","post","type-post","status-publish","format-standard","has-post-thumbnail","hentry","category-competition","category-equipe-competition","category-judo","category-tournoi-enfant"],"_links":{"self":[{"href":"https:\/\/www.judokwailausanne.ch\/index.php?rest_route=\/wp\/v2\/posts\/28664","targetHints":{"allow":["GET"]}}],"collection":[{"href":"https:\/\/www.judokwailausanne.ch\/index.php?rest_route=\/wp\/v2\/posts"}],"about":[{"href":"https:\/\/www.judokwailausanne.ch\/index.php?rest_route=\/wp\/v2\/types\/post"}],"author":[{"embeddable":true,"href":"https:\/\/www.judokwailausanne.ch\/index.php?rest_route=\/wp\/v2\/users\/25"}],"replies":[{"embeddable":true,"href":"https:\/\/www.judokwailausanne.ch\/index.php?rest_route=%2Fwp%2Fv2%2Fcomments&post=28664"}],"version-history":[{"count":3,"href":"https:\/\/www.judokwailausanne.ch\/index.php?rest_route=\/wp\/v2\/posts\/28664\/revisions"}],"predecessor-version":[{"id":28669,"href":"https:\/\/www.judokwailausanne.ch\/index.php?rest_route=\/wp\/v2\/posts\/28664\/revisions\/28669"}],"wp:featuredmedia":[{"embeddable":true,"href":"https:\/\/www.judokwailausanne.ch\/index.php?rest_route=\/wp\/v2\/media\/28666"}],"wp:attachment":[{"href":"https:\/\/www.judokwailausanne.ch\/index.php?rest_route=%2Fwp%2Fv2%2Fmedia&parent=28664"}],"wp:term":[{"taxonomy":"category","embeddable":true,"href":"https:\/\/www.judokwailausanne.ch\/index.php?rest_route=%2Fwp%2Fv2%2Fcategories&post=28664"},{"taxonomy":"post_tag","embeddable":true,"href":"https:\/\/www.judokwailausanne.ch\/index.php?rest_route=%2Fwp%2Fv2%2Ftags&post=28664"}],"curies":[{"name":"wp","href":"https:\/\/api.w.org\/{rel}","templated":true}]}}