{"id":28889,"date":"2025-12-05T08:36:15","date_gmt":"2025-12-05T07:36:15","guid":{"rendered":"https:\/\/www.judokwailausanne.ch\/?p=28889"},"modified":"2026-04-18T10:46:02","modified_gmt":"2026-04-18T08:46:02","slug":"merite-sportif-vaudois-2025","status":"publish","type":"post","link":"https:\/\/www.judokwailausanne.ch\/?p=28889","title":{"rendered":"Le judo en lumi\u00e8re : Binta et April r\u00e9compens\u00e9es au M\u00e9rite sportif vaudois"},"content":{"rendered":"<p>Bravo Binta, Bravo April ! Le club est tellement fier de vous !<\/p>\n<p><!--more--><\/p>\n<p style=\"margin: 0in; font-size: 11.0pt;\"><span style=\"font-family: Arial;\">Nous avons la grande joie d\u2019annoncer que <\/span><span style=\"font-family: Arial;\">Binta Ndiaye<\/span><span style=\"font-family: Arial;\"> a re\u00e7u le M\u00e9rite sportif vaudois 2025.<\/span><span style=\"font-family: Arial;\">\u00a0Une magnifique reconnaissance pour une athl\u00e8te exceptionnelle\u2026 et surtout pour une membre de notre club qui nous inspire chaque jour !<\/span><\/p>\n<p style=\"margin: 0in; font-family: Arial; font-size: 11.0pt;\">Apr\u00e8s une saison impressionnante, Binta continue de montrer ce que passion, travail et d\u00e9termination peuvent accomplir.<\/p>\n<p style=\"margin: 0in; font-family: Arial; font-size: 11.0pt;\">Un \u00e9norme bravo \u00e9galement \u00e0 April Fohouo, qui fait partie de notre \u00e9quipe f\u00e9minine en LNA et qui a re\u00e7u le M\u00e9rite sportif vaudois dans la cat\u00e9gorie Espoir.<\/p>\n<p style=\"margin: 0in; font-family: Arial; font-size: 11.0pt;\">Cette double distinction place le judo, et notre club, \u00e0 l\u2019honneur, confirmant la qualit\u00e9, l\u2019engagement et le dynamisme de nos athl\u00e8tes.<\/p>\n<p style=\"margin: 0in; font-family: Arial; font-size: 11.0pt;\">Binta, April, tout le club vous f\u00e9licite et vous soutient !<\/p>\n<p>Plus de d\u00e9tail sur les M\u00e9rites Sportifs Vaudois 2025 : <a href=\"https:\/\/www.vd.ch\/actualites\/communiques-de-presse-de-letat-de-vaud\/detail\/communique\/binta-ndiaye-et-marc-rochat-athletes-vaudois-de-lannee\">Binta Ndiaye et Marc Rochat, athl\u00e8tes vaudois de l\u2019ann\u00e9e | \u00c9tat de Vaud<\/a><\/p>\n","protected":false},"excerpt":{"rendered":"<p>Bravo Binta, Bravo April ! Le club est tellement fier de vous !<\/p>\n","protected":false},"author":25,"featured_media":28891,"comment_status":"open","ping_status":"open","sticky":false,"template":"","format":"standard","meta":{"_et_pb_use_builder":"","_et_pb_old_content":"","_et_gb_content_width":"","footnotes":""},"categories":[109,48,21],"tags":[],"class_list":["post-28889","post","type-post","status-publish","format-standard","has-post-thumbnail","hentry","category-binta","category-judo","category-revue-de-presse"],"_links":{"self":[{"href":"https:\/\/www.judokwailausanne.ch\/index.php?rest_route=\/wp\/v2\/posts\/28889","targetHints":{"allow":["GET"]}}],"collection":[{"href":"https:\/\/www.judokwailausanne.ch\/index.php?rest_route=\/wp\/v2\/posts"}],"about":[{"href":"https:\/\/www.judokwailausanne.ch\/index.php?rest_route=\/wp\/v2\/types\/post"}],"author":[{"embeddable":true,"href":"https:\/\/www.judokwailausanne.ch\/index.php?rest_route=\/wp\/v2\/users\/25"}],"replies":[{"embeddable":true,"href":"https:\/\/www.judokwailausanne.ch\/index.php?rest_route=%2Fwp%2Fv2%2Fcomments&post=28889"}],"version-history":[{"count":4,"href":"https:\/\/www.judokwailausanne.ch\/index.php?rest_route=\/wp\/v2\/posts\/28889\/revisions"}],"predecessor-version":[{"id":28894,"href":"https:\/\/www.judokwailausanne.ch\/index.php?rest_route=\/wp\/v2\/posts\/28889\/revisions\/28894"}],"wp:featuredmedia":[{"embeddable":true,"href":"https:\/\/www.judokwailausanne.ch\/index.php?rest_route=\/wp\/v2\/media\/28891"}],"wp:attachment":[{"href":"https:\/\/www.judokwailausanne.ch\/index.php?rest_route=%2Fwp%2Fv2%2Fmedia&parent=28889"}],"wp:term":[{"taxonomy":"category","embeddable":true,"href":"https:\/\/www.judokwailausanne.ch\/index.php?rest_route=%2Fwp%2Fv2%2Fcategories&post=28889"},{"taxonomy":"post_tag","embeddable":true,"href":"https:\/\/www.judokwailausanne.ch\/index.php?rest_route=%2Fwp%2Fv2%2Ftags&post=28889"}],"curies":[{"name":"wp","href":"https:\/\/api.w.org\/{rel}","templated":true}]}}