{"id":29069,"date":"2026-03-07T06:31:14","date_gmt":"2026-03-07T05:31:14","guid":{"rendered":"https:\/\/www.judokwailausanne.ch\/?p=29069"},"modified":"2026-03-08T15:21:59","modified_gmt":"2026-03-08T14:21:59","slug":"entrainementavectakeshisasaki","status":"publish","type":"post","link":"https:\/\/www.judokwailausanne.ch\/?p=29069","title":{"rendered":"Stage avec Takeshi Sasaki"},"content":{"rendered":"<p>Le JKL accueille Takeshi Sasaki le Dimanche 15 mars pour un journ\u00e9e d&rsquo;entrainement extraordinaire.<\/p>\n<p><!--more--><\/p>\n<p>Takeshi Sasaki, combattant pour l&rsquo;\u00e9quipe Nippone de Judo, sera en Europe en mars et fait un arr\u00eat dans notre dojo pour deux entrainements:<\/p>\n<ul>\n<li>Cours enfants (2013-2018) r\u00e9serv\u00e9 \u00e9l\u00e8ves du JKL : 10h30 \u2013 12h00<br \/>\nInscription aupr\u00e8s de Me Shima pendant les cours.<\/li>\n<li>Cours adultes (d\u00e8s 2012) : 14h30 \u2013 18h30 &#8211; ouvert \u00e0 tous les membres de la FSJ.<br \/>\nR\u00e9servez vos places sans plus attendre pour le cours adultes <a href=\"https:\/\/docs.google.com\/forms\/d\/e\/1FAIpQLSePrOd0vPIWWL9jY2ytXGfEv_qbtBaNSo2PagetCKVPiTKJPA\/viewform\" target=\"_blank\" rel=\"noopener\">sur ce formulaire<\/a>.<\/li>\n<\/ul>\n<p>Tarifs :<\/p>\n<ul>\n<li>Cours enfants : 20 CHF \/ personne, maximum 50 participants<\/li>\n<li>Cours adultes : 40 CHF \/ personne, maximum 100 participants<\/li>\n<\/ul>\n<p>&nbsp;<\/p>\n<p>.<\/p>\n<p><a href=\"https:\/\/www.judokwailausanne.ch\/cmsv3\/wp-content\/uploads\/2026\/01\/260315-TakeshiSasaki.jpeg\" target=\"_blank\" rel=\"noopener\"><img fetchpriority=\"high\" fetchpriority=\"high\" decoding=\"async\" class=\"aligncenter wp-image-29070 size-medium\" src=\"https:\/\/www.judokwailausanne.ch\/cmsv3\/wp-content\/uploads\/2026\/01\/260315-TakeshiSasaki-207x300.jpeg\" alt=\"\" width=\"207\" height=\"300\" \/><\/a><\/p>\n","protected":false},"excerpt":{"rendered":"<p>Le JKL accueille Takeshi Sasaki le Dimanche 15 mars pour un journ\u00e9e d&rsquo;entrainement extraordinaire.<\/p>\n","protected":false},"author":3,"featured_media":29070,"comment_status":"open","ping_status":"open","sticky":false,"template":"","format":"standard","meta":{"_et_pb_use_builder":"","_et_pb_old_content":"","_et_gb_content_width":"","footnotes":""},"categories":[65,48],"tags":[],"class_list":["post-29069","post","type-post","status-publish","format-standard","has-post-thumbnail","hentry","category-entrainements","category-judo"],"_links":{"self":[{"href":"https:\/\/www.judokwailausanne.ch\/index.php?rest_route=\/wp\/v2\/posts\/29069","targetHints":{"allow":["GET"]}}],"collection":[{"href":"https:\/\/www.judokwailausanne.ch\/index.php?rest_route=\/wp\/v2\/posts"}],"about":[{"href":"https:\/\/www.judokwailausanne.ch\/index.php?rest_route=\/wp\/v2\/types\/post"}],"author":[{"embeddable":true,"href":"https:\/\/www.judokwailausanne.ch\/index.php?rest_route=\/wp\/v2\/users\/3"}],"replies":[{"embeddable":true,"href":"https:\/\/www.judokwailausanne.ch\/index.php?rest_route=%2Fwp%2Fv2%2Fcomments&post=29069"}],"version-history":[{"count":4,"href":"https:\/\/www.judokwailausanne.ch\/index.php?rest_route=\/wp\/v2\/posts\/29069\/revisions"}],"predecessor-version":[{"id":29074,"href":"https:\/\/www.judokwailausanne.ch\/index.php?rest_route=\/wp\/v2\/posts\/29069\/revisions\/29074"}],"wp:featuredmedia":[{"embeddable":true,"href":"https:\/\/www.judokwailausanne.ch\/index.php?rest_route=\/wp\/v2\/media\/29070"}],"wp:attachment":[{"href":"https:\/\/www.judokwailausanne.ch\/index.php?rest_route=%2Fwp%2Fv2%2Fmedia&parent=29069"}],"wp:term":[{"taxonomy":"category","embeddable":true,"href":"https:\/\/www.judokwailausanne.ch\/index.php?rest_route=%2Fwp%2Fv2%2Fcategories&post=29069"},{"taxonomy":"post_tag","embeddable":true,"href":"https:\/\/www.judokwailausanne.ch\/index.php?rest_route=%2Fwp%2Fv2%2Ftags&post=29069"}],"curies":[{"name":"wp","href":"https:\/\/api.w.org\/{rel}","templated":true}]}}