{"id":294,"date":"2015-03-04T07:20:20","date_gmt":"2015-03-04T06:20:20","guid":{"rendered":"http:\/\/www.ju-jitsu-jkl.ch\/sitev3\/?p=294"},"modified":"2018-08-12T11:44:21","modified_gmt":"2018-08-12T09:44:21","slug":"assemblee-generale","status":"publish","type":"post","link":"https:\/\/www.judokwailausanne.ch\/?p=294","title":{"rendered":"Assembl\u00e9e g\u00e9n\u00e9rale."},"content":{"rendered":"<p>L&rsquo;assembl\u00e9e g\u00e9n\u00e9rale du Judo Kwai Lausanne aura lieu le mardi 24 mars \u00e0 19:45 au Dojo de Mon Repos.<br \/>\n<strong>Le cours est annul\u00e9.<\/strong><\/p>\n<p><!--more--><\/p>\n<p>Par ailleurs une s\u00e9ance d&rsquo;information pour les membres de la section Ju-Jitsu aura lieu le mercredi 4 mars \u00e0 20:30 au dojo de la Croix Blanche \u00e0 Epalinges.<\/p>\n","protected":false},"excerpt":{"rendered":"<p>L&rsquo;assembl\u00e9e g\u00e9n\u00e9rale du Judo Kwai Lausanne aura lieu le mardi 24 mars \u00e0 19:45 au Dojo de Mon Repos. Le cours est annul\u00e9.<\/p>\n","protected":false},"author":3,"featured_media":8707,"comment_status":"open","ping_status":"open","sticky":false,"template":"","format":"standard","meta":{"_et_pb_use_builder":"","_et_pb_old_content":"","_et_gb_content_width":"","footnotes":""},"categories":[33,48,55],"tags":[],"class_list":["post-294","post","type-post","status-publish","format-standard","has-post-thumbnail","hentry","category-ju-jitsu","category-judo","category-vie-du-jkl"],"_links":{"self":[{"href":"https:\/\/www.judokwailausanne.ch\/index.php?rest_route=\/wp\/v2\/posts\/294","targetHints":{"allow":["GET"]}}],"collection":[{"href":"https:\/\/www.judokwailausanne.ch\/index.php?rest_route=\/wp\/v2\/posts"}],"about":[{"href":"https:\/\/www.judokwailausanne.ch\/index.php?rest_route=\/wp\/v2\/types\/post"}],"author":[{"embeddable":true,"href":"https:\/\/www.judokwailausanne.ch\/index.php?rest_route=\/wp\/v2\/users\/3"}],"replies":[{"embeddable":true,"href":"https:\/\/www.judokwailausanne.ch\/index.php?rest_route=%2Fwp%2Fv2%2Fcomments&post=294"}],"version-history":[{"count":1,"href":"https:\/\/www.judokwailausanne.ch\/index.php?rest_route=\/wp\/v2\/posts\/294\/revisions"}],"predecessor-version":[{"id":8762,"href":"https:\/\/www.judokwailausanne.ch\/index.php?rest_route=\/wp\/v2\/posts\/294\/revisions\/8762"}],"wp:featuredmedia":[{"embeddable":true,"href":"https:\/\/www.judokwailausanne.ch\/index.php?rest_route=\/wp\/v2\/media\/8707"}],"wp:attachment":[{"href":"https:\/\/www.judokwailausanne.ch\/index.php?rest_route=%2Fwp%2Fv2%2Fmedia&parent=294"}],"wp:term":[{"taxonomy":"category","embeddable":true,"href":"https:\/\/www.judokwailausanne.ch\/index.php?rest_route=%2Fwp%2Fv2%2Fcategories&post=294"},{"taxonomy":"post_tag","embeddable":true,"href":"https:\/\/www.judokwailausanne.ch\/index.php?rest_route=%2Fwp%2Fv2%2Ftags&post=294"}],"curies":[{"name":"wp","href":"https:\/\/api.w.org\/{rel}","templated":true}]}}