{"id":2985,"date":"2016-10-25T18:13:15","date_gmt":"2016-10-25T16:13:15","guid":{"rendered":"http:\/\/www.judokwailausanne.ch\/cmsv3\/?p=2985"},"modified":"2018-08-13T23:17:30","modified_gmt":"2018-08-13T21:17:30","slug":"8eme-tour-masculin-et-feminin","status":"publish","type":"post","link":"https:\/\/www.judokwailausanne.ch\/?p=2985","title":{"rendered":"8\u00e8me tour masculin et f\u00e9minin"},"content":{"rendered":"<p>Nos deux \u00e9quipes combattent le<strong> mercredi 26 octobre 2016<\/strong> pour les couleurs du JKL, au Dojo de Mon Repos \u00e0 Lausanne pour le 8\u00e8me et dernier tour de leur ligue respective.<\/p>\n<p>3 Bonnes raisons pour venir les encourager !<\/p>\n<p>Soutenons les !<\/p>\n<ul>\n<li><a href=\"http:\/\/www.judokwailausanne.ch\/cmsv3\/?page_id=2693\">L&rsquo;\u00e9quipe F\u00e9minine <\/a>rencontre le EJD Yverdon.<\/li>\n<li><a href=\"http:\/\/www.judokwailausanne.ch\/cmsv3\/?page_id=1673\">L&rsquo;\u00e9quipe Masculine <\/a>rencontre le JT Riviera + JC Carouge 2<\/li>\n<\/ul>\n<p>D\u00e9but des pes\u00e9es : <strong>20h15<\/strong><\/p>\n<p>Prochain tour : janvier 2017 pour la saison 2017.<\/p>\n","protected":false},"excerpt":{"rendered":"<p>Nos deux \u00e9quipes combattent le mercredi 26 octobre 2016 pour les couleurs du JKL, au Dojo de Mon Repos \u00e0 Lausanne pour le 8\u00e8me et dernier tour de leur ligue respective. 3 Bonnes raisons pour venir les encourager ! Soutenons les ! L&rsquo;\u00e9quipe F\u00e9minine rencontre le EJD Yverdon. L&rsquo;\u00e9quipe Masculine rencontre le JT Riviera + [&hellip;]<\/p>\n","protected":false},"author":3,"featured_media":4759,"comment_status":"open","ping_status":"open","sticky":false,"template":"","format":"standard","meta":{"_et_pb_use_builder":"","_et_pb_old_content":"","_et_gb_content_width":"","footnotes":""},"categories":[63,22,48],"tags":[],"class_list":["post-2985","post","type-post","status-publish","format-standard","has-post-thumbnail","hentry","category-competition","category-equipe-competition","category-judo"],"_links":{"self":[{"href":"https:\/\/www.judokwailausanne.ch\/index.php?rest_route=\/wp\/v2\/posts\/2985","targetHints":{"allow":["GET"]}}],"collection":[{"href":"https:\/\/www.judokwailausanne.ch\/index.php?rest_route=\/wp\/v2\/posts"}],"about":[{"href":"https:\/\/www.judokwailausanne.ch\/index.php?rest_route=\/wp\/v2\/types\/post"}],"author":[{"embeddable":true,"href":"https:\/\/www.judokwailausanne.ch\/index.php?rest_route=\/wp\/v2\/users\/3"}],"replies":[{"embeddable":true,"href":"https:\/\/www.judokwailausanne.ch\/index.php?rest_route=%2Fwp%2Fv2%2Fcomments&post=2985"}],"version-history":[{"count":1,"href":"https:\/\/www.judokwailausanne.ch\/index.php?rest_route=\/wp\/v2\/posts\/2985\/revisions"}],"predecessor-version":[{"id":8961,"href":"https:\/\/www.judokwailausanne.ch\/index.php?rest_route=\/wp\/v2\/posts\/2985\/revisions\/8961"}],"wp:featuredmedia":[{"embeddable":true,"href":"https:\/\/www.judokwailausanne.ch\/index.php?rest_route=\/wp\/v2\/media\/4759"}],"wp:attachment":[{"href":"https:\/\/www.judokwailausanne.ch\/index.php?rest_route=%2Fwp%2Fv2%2Fmedia&parent=2985"}],"wp:term":[{"taxonomy":"category","embeddable":true,"href":"https:\/\/www.judokwailausanne.ch\/index.php?rest_route=%2Fwp%2Fv2%2Fcategories&post=2985"},{"taxonomy":"post_tag","embeddable":true,"href":"https:\/\/www.judokwailausanne.ch\/index.php?rest_route=%2Fwp%2Fv2%2Ftags&post=2985"}],"curies":[{"name":"wp","href":"https:\/\/api.w.org\/{rel}","templated":true}]}}