{"id":3029,"date":"2016-11-03T06:51:18","date_gmt":"2016-11-03T05:51:18","guid":{"rendered":"http:\/\/www.judokwailausanne.ch\/cmsv3\/?p=3029"},"modified":"2018-08-13T23:17:30","modified_gmt":"2018-08-13T21:17:30","slug":"fin-de-saison-en-beaute-pour-les-equipe","status":"publish","type":"post","link":"https:\/\/www.judokwailausanne.ch\/?p=3029","title":{"rendered":"Fin de saison en beaut\u00e9 pour nos \u00e9quipes"},"content":{"rendered":"<p>Voil\u00e0 d\u00e9j\u00e0 la fin de saison par \u00e9quipe, nos deux \u00e9quipes ont fini l&rsquo;ann\u00e9e \u00e0 Lausanne! Une belle soir\u00e9e et de beaux combats! <a href=\"http:\/\/www.judokwailausanne.ch\/cmsv3\/wp-content\/uploads\/2016\/11\/14729257_1779584025643254_4816623263678460074_n.jpg\" target=\"_blank\"><img decoding=\"async\" class=\"alignright wp-image-3032 size-medium\" src=\"http:\/\/www.judokwailausanne.ch\/cmsv3\/wp-content\/uploads\/2016\/11\/14729257_1779584025643254_4816623263678460074_n-300x138.jpg\" alt=\"14729257_1779584025643254_4816623263678460074_n\" width=\"300\" height=\"138\" \/><\/a>Les filles rencontraient le club de Degailler Yverdon, apr\u00e8s des combats disput\u00e9s, elles perdent malheureusement 8-2! Ensuite l&rsquo;\u00e9quipe des gar\u00e7ons a fini l&rsquo;ann\u00e9e sur deux bonnes notes avec deux victoires, la premi\u00e8re fut sur le JT Riviera par 10-0 et le second contre JC Carouges 6-4! De tr\u00e8s beaux combats et nous finissons une nouvelle aux portes de la premi\u00e8re place! Merci \u00e0 tous ceux qui nous ont suivi et soutenu durant l&rsquo;ann\u00e9e et nous sommes fiers de nous et notre ann\u00e9e! Nous allons continuer \u00e0 travailler et aller chercher <a href=\"http:\/\/www.judokwailausanne.ch\/cmsv3\/wp-content\/uploads\/2016\/11\/14724455_1779584022309921_9005516042535666646_n.jpg\" target=\"_blank\"><img decoding=\"async\" class=\"alignright wp-image-3031 size-medium\" src=\"http:\/\/www.judokwailausanne.ch\/cmsv3\/wp-content\/uploads\/2016\/11\/14724455_1779584022309921_9005516042535666646_n-300x144.jpg\" alt=\"14724455_1779584022309921_9005516042535666646_n\" width=\"300\" height=\"144\" \/><\/a>l&rsquo;ann\u00e9e prochaine la 1\u00e8re place! Merci encore et \u00e0 l&rsquo;ann\u00e9e prochaine!<\/p>\n<p>Lausanne ICHIBAN!<\/p>\n<p>Ps: par la faute \u00e0 une batterie fatigu\u00e9e, nous aurons peut-\u00eatre pas de vid\u00e9o du dernier tour ou une petite!<\/p>\n<p>Bonne fin d&rsquo;ann\u00e9e et \u00e0 tous, mais nos combattants ne sont pas tous en vacances! Nous avons Tania, Tha\u00efs, Soline, Lorenz, Michel, Marco et Fran\u00e7ois qui sont qualifi\u00e9s pour les championnats suisse de judo qui se d\u00e9rouleront \u00e0 Neuch\u00e2tel, le 19 et 20 novembre donc si vous \u00eates dans le coin arr\u00eatez vous pour les encourager!<\/p>\n<p>Et aussi, notre Fran\u00e7ois est s\u00e9lectionn\u00e9 pour les championnats du monde militaire qui se d\u00e9rouleront en d\u00e9cembre \u00e0 Uster!<\/p>\n<p>ICHIBAN \u00e0 tous!<\/p>\n","protected":false},"excerpt":{"rendered":"<p>Voil\u00e0 d\u00e9j\u00e0 la fin de saison par \u00e9quipe, nos deux \u00e9quipes ont fini l&rsquo;ann\u00e9e \u00e0 Lausanne! Une belle soir\u00e9e et de beaux combats! Les filles rencontraient le club de Degailler Yverdon, apr\u00e8s des combats disput\u00e9s, elles perdent malheureusement 8-2! Ensuite l&rsquo;\u00e9quipe des gar\u00e7ons a fini l&rsquo;ann\u00e9e sur deux bonnes notes avec deux victoires, la premi\u00e8re [&hellip;]<\/p>\n","protected":false},"author":3,"featured_media":4759,"comment_status":"open","ping_status":"open","sticky":false,"template":"","format":"standard","meta":{"_et_pb_use_builder":"","_et_pb_old_content":"","_et_gb_content_width":"","footnotes":""},"categories":[63,22,48],"tags":[],"class_list":["post-3029","post","type-post","status-publish","format-standard","has-post-thumbnail","hentry","category-competition","category-equipe-competition","category-judo"],"_links":{"self":[{"href":"https:\/\/www.judokwailausanne.ch\/index.php?rest_route=\/wp\/v2\/posts\/3029","targetHints":{"allow":["GET"]}}],"collection":[{"href":"https:\/\/www.judokwailausanne.ch\/index.php?rest_route=\/wp\/v2\/posts"}],"about":[{"href":"https:\/\/www.judokwailausanne.ch\/index.php?rest_route=\/wp\/v2\/types\/post"}],"author":[{"embeddable":true,"href":"https:\/\/www.judokwailausanne.ch\/index.php?rest_route=\/wp\/v2\/users\/3"}],"replies":[{"embeddable":true,"href":"https:\/\/www.judokwailausanne.ch\/index.php?rest_route=%2Fwp%2Fv2%2Fcomments&post=3029"}],"version-history":[{"count":1,"href":"https:\/\/www.judokwailausanne.ch\/index.php?rest_route=\/wp\/v2\/posts\/3029\/revisions"}],"predecessor-version":[{"id":8960,"href":"https:\/\/www.judokwailausanne.ch\/index.php?rest_route=\/wp\/v2\/posts\/3029\/revisions\/8960"}],"wp:featuredmedia":[{"embeddable":true,"href":"https:\/\/www.judokwailausanne.ch\/index.php?rest_route=\/wp\/v2\/media\/4759"}],"wp:attachment":[{"href":"https:\/\/www.judokwailausanne.ch\/index.php?rest_route=%2Fwp%2Fv2%2Fmedia&parent=3029"}],"wp:term":[{"taxonomy":"category","embeddable":true,"href":"https:\/\/www.judokwailausanne.ch\/index.php?rest_route=%2Fwp%2Fv2%2Fcategories&post=3029"},{"taxonomy":"post_tag","embeddable":true,"href":"https:\/\/www.judokwailausanne.ch\/index.php?rest_route=%2Fwp%2Fv2%2Ftags&post=3029"}],"curies":[{"name":"wp","href":"https:\/\/api.w.org\/{rel}","templated":true}]}}