{"id":3038,"date":"2016-11-05T22:17:17","date_gmt":"2016-11-05T21:17:17","guid":{"rendered":"http:\/\/www.judokwailausanne.ch\/cmsv3\/?p=3038"},"modified":"2018-08-12T11:37:19","modified_gmt":"2018-08-12T09:37:19","slug":"nouveaux-1er-dan-2","status":"publish","type":"post","link":"https:\/\/www.judokwailausanne.ch\/?p=3038","title":{"rendered":"Nouveaux 1er DAN"},"content":{"rendered":"<p>Bravo \u00e0 L\u00e9o, Nico et Ricardo qui ont obtenu leur 1er Dan de jiu-jitsu ce 5 novembre 2016 \u00e0 M\u00e4nnerdorf<\/p>\n<p><!--more--><\/p>\n<p><img fetchpriority=\"high\" fetchpriority=\"high\" decoding=\"async\" class=\"wp-image-3039 size-medium aligncenter\" src=\"http:\/\/www.judokwailausanne.ch\/cmsv3\/wp-content\/uploads\/2016\/11\/IMG_0144-300x225.jpg\" width=\"300\" height=\"225\" \/><\/p>\n<p>Toutes nos f\u00e9licitations !<\/p>\n","protected":false},"excerpt":{"rendered":"<p>Bravo \u00e0 L\u00e9o, Nico et Ricardo qui ont obtenu leur 1er Dan de jiu-jitsu ce 5 novembre 2016 \u00e0 M\u00e4nnerdorf<\/p>\n","protected":false},"author":4,"featured_media":7251,"comment_status":"open","ping_status":"open","sticky":false,"template":"","format":"standard","meta":{"_et_pb_use_builder":"","_et_pb_old_content":"","_et_gb_content_width":"","footnotes":""},"categories":[19,33],"tags":[],"class_list":["post-3038","post","type-post","status-publish","format-standard","has-post-thumbnail","hentry","category-examens","category-ju-jitsu"],"_links":{"self":[{"href":"https:\/\/www.judokwailausanne.ch\/index.php?rest_route=\/wp\/v2\/posts\/3038","targetHints":{"allow":["GET"]}}],"collection":[{"href":"https:\/\/www.judokwailausanne.ch\/index.php?rest_route=\/wp\/v2\/posts"}],"about":[{"href":"https:\/\/www.judokwailausanne.ch\/index.php?rest_route=\/wp\/v2\/types\/post"}],"author":[{"embeddable":true,"href":"https:\/\/www.judokwailausanne.ch\/index.php?rest_route=\/wp\/v2\/users\/4"}],"replies":[{"embeddable":true,"href":"https:\/\/www.judokwailausanne.ch\/index.php?rest_route=%2Fwp%2Fv2%2Fcomments&post=3038"}],"version-history":[{"count":1,"href":"https:\/\/www.judokwailausanne.ch\/index.php?rest_route=\/wp\/v2\/posts\/3038\/revisions"}],"predecessor-version":[{"id":7254,"href":"https:\/\/www.judokwailausanne.ch\/index.php?rest_route=\/wp\/v2\/posts\/3038\/revisions\/7254"}],"wp:featuredmedia":[{"embeddable":true,"href":"https:\/\/www.judokwailausanne.ch\/index.php?rest_route=\/wp\/v2\/media\/7251"}],"wp:attachment":[{"href":"https:\/\/www.judokwailausanne.ch\/index.php?rest_route=%2Fwp%2Fv2%2Fmedia&parent=3038"}],"wp:term":[{"taxonomy":"category","embeddable":true,"href":"https:\/\/www.judokwailausanne.ch\/index.php?rest_route=%2Fwp%2Fv2%2Fcategories&post=3038"},{"taxonomy":"post_tag","embeddable":true,"href":"https:\/\/www.judokwailausanne.ch\/index.php?rest_route=%2Fwp%2Fv2%2Ftags&post=3038"}],"curies":[{"name":"wp","href":"https:\/\/api.w.org\/{rel}","templated":true}]}}