{"id":3043,"date":"2016-11-07T15:10:34","date_gmt":"2016-11-07T14:10:34","guid":{"rendered":"http:\/\/www.judokwailausanne.ch\/cmsv3\/?p=3043"},"modified":"2018-08-13T23:17:30","modified_gmt":"2018-08-13T21:17:30","slug":"championnat-suisse-espoir-junior-team-vaud-2017","status":"publish","type":"post","link":"https:\/\/www.judokwailausanne.ch\/?p=3043","title":{"rendered":"Championnat Suisse Espoir Junior &#8211; TEAM VAUD 2017"},"content":{"rendered":"<p>Nous avons le plaisir de vous informer que trois comp\u00e9titrices de notre club sont s\u00e9lectionn\u00e9es pour cette comp\u00e9tition. Il s&rsquo;agit de :<\/p>\n<ul>\n<li>Thais Jaquet<\/li>\n<li>C\u00e9line B\u00e4nziger<\/li>\n<li>Tania Joye<\/li>\n<\/ul>\n<p>Nous les f\u00e9licitions d\u00e9j\u00e0 pour cette qualification<\/p>\n<p>&nbsp;<\/p>\n<p>Le comit\u00e9<\/p>\n<p>&nbsp;<\/p>\n","protected":false},"excerpt":{"rendered":"<p>Nous avons le plaisir de vous informer que trois comp\u00e9titrices de notre club sont s\u00e9lectionn\u00e9es pour cette comp\u00e9tition. Il s&rsquo;agit de : Thais Jaquet C\u00e9line B\u00e4nziger Tania Joye Nous les f\u00e9licitions d\u00e9j\u00e0 pour cette qualification &nbsp; Le comit\u00e9 &nbsp;<\/p>\n","protected":false},"author":4,"featured_media":4759,"comment_status":"open","ping_status":"open","sticky":false,"template":"","format":"standard","meta":{"_et_pb_use_builder":"","_et_pb_old_content":"","_et_gb_content_width":"","footnotes":""},"categories":[63,22,48],"tags":[],"class_list":["post-3043","post","type-post","status-publish","format-standard","has-post-thumbnail","hentry","category-competition","category-equipe-competition","category-judo"],"_links":{"self":[{"href":"https:\/\/www.judokwailausanne.ch\/index.php?rest_route=\/wp\/v2\/posts\/3043","targetHints":{"allow":["GET"]}}],"collection":[{"href":"https:\/\/www.judokwailausanne.ch\/index.php?rest_route=\/wp\/v2\/posts"}],"about":[{"href":"https:\/\/www.judokwailausanne.ch\/index.php?rest_route=\/wp\/v2\/types\/post"}],"author":[{"embeddable":true,"href":"https:\/\/www.judokwailausanne.ch\/index.php?rest_route=\/wp\/v2\/users\/4"}],"replies":[{"embeddable":true,"href":"https:\/\/www.judokwailausanne.ch\/index.php?rest_route=%2Fwp%2Fv2%2Fcomments&post=3043"}],"version-history":[{"count":1,"href":"https:\/\/www.judokwailausanne.ch\/index.php?rest_route=\/wp\/v2\/posts\/3043\/revisions"}],"predecessor-version":[{"id":8956,"href":"https:\/\/www.judokwailausanne.ch\/index.php?rest_route=\/wp\/v2\/posts\/3043\/revisions\/8956"}],"wp:featuredmedia":[{"embeddable":true,"href":"https:\/\/www.judokwailausanne.ch\/index.php?rest_route=\/wp\/v2\/media\/4759"}],"wp:attachment":[{"href":"https:\/\/www.judokwailausanne.ch\/index.php?rest_route=%2Fwp%2Fv2%2Fmedia&parent=3043"}],"wp:term":[{"taxonomy":"category","embeddable":true,"href":"https:\/\/www.judokwailausanne.ch\/index.php?rest_route=%2Fwp%2Fv2%2Fcategories&post=3043"},{"taxonomy":"post_tag","embeddable":true,"href":"https:\/\/www.judokwailausanne.ch\/index.php?rest_route=%2Fwp%2Fv2%2Ftags&post=3043"}],"curies":[{"name":"wp","href":"https:\/\/api.w.org\/{rel}","templated":true}]}}