{"id":3135,"date":"2016-12-23T09:26:32","date_gmt":"2016-12-23T08:26:32","guid":{"rendered":"http:\/\/www.judokwailausanne.ch\/cmsv3\/?p=3135"},"modified":"2016-12-23T09:26:32","modified_gmt":"2016-12-23T08:26:32","slug":"photos-du-tournoi-de-noel-2016","status":"publish","type":"post","link":"https:\/\/www.judokwailausanne.ch\/?p=3135","title":{"rendered":"Photos du tournoi de No\u00ebl 2016"},"content":{"rendered":"<p style=\"text-align: center;\">Voici quelques images qui illustrent l&rsquo;ambiance du tournoi de No\u00ebl 2016.<\/p>\n<p style=\"text-align: center;\"><strong>Le comit\u00e9 vous souhaite de joyeuses f\u00eates de fin d&rsquo;ann\u00e9e !<\/strong><\/p>\n<p><img decoding=\"async\" class=\"alignnone wp-image-3191 aligncenter\" src=\"http:\/\/www.judokwailausanne.ch\/cmsv3\/wp-content\/uploads\/2016\/12\/PereNoel-225x300.jpg\" alt=\"\" width=\"146\" height=\"195\" \/><\/p>\n<p>[print_gllr id=3137]<\/p>\n","protected":false},"excerpt":{"rendered":"<p>Voici quelques images qui illustrent l&rsquo;ambiance du tournoi de No\u00ebl 2016. Le comit\u00e9 vous souhaite de joyeuses f\u00eates de fin d&rsquo;ann\u00e9e ! [print_gllr id=3137]<\/p>\n","protected":false},"author":4,"featured_media":4215,"comment_status":"open","ping_status":"open","sticky":false,"template":"","format":"standard","meta":{"_et_pb_use_builder":"","_et_pb_old_content":"","_et_gb_content_width":"","footnotes":""},"categories":[24],"tags":[],"class_list":["post-3135","post","type-post","status-publish","format-standard","has-post-thumbnail","hentry","category-tournoi-enfant"],"_links":{"self":[{"href":"https:\/\/www.judokwailausanne.ch\/index.php?rest_route=\/wp\/v2\/posts\/3135","targetHints":{"allow":["GET"]}}],"collection":[{"href":"https:\/\/www.judokwailausanne.ch\/index.php?rest_route=\/wp\/v2\/posts"}],"about":[{"href":"https:\/\/www.judokwailausanne.ch\/index.php?rest_route=\/wp\/v2\/types\/post"}],"author":[{"embeddable":true,"href":"https:\/\/www.judokwailausanne.ch\/index.php?rest_route=\/wp\/v2\/users\/4"}],"replies":[{"embeddable":true,"href":"https:\/\/www.judokwailausanne.ch\/index.php?rest_route=%2Fwp%2Fv2%2Fcomments&post=3135"}],"version-history":[{"count":0,"href":"https:\/\/www.judokwailausanne.ch\/index.php?rest_route=\/wp\/v2\/posts\/3135\/revisions"}],"wp:featuredmedia":[{"embeddable":true,"href":"https:\/\/www.judokwailausanne.ch\/index.php?rest_route=\/wp\/v2\/media\/4215"}],"wp:attachment":[{"href":"https:\/\/www.judokwailausanne.ch\/index.php?rest_route=%2Fwp%2Fv2%2Fmedia&parent=3135"}],"wp:term":[{"taxonomy":"category","embeddable":true,"href":"https:\/\/www.judokwailausanne.ch\/index.php?rest_route=%2Fwp%2Fv2%2Fcategories&post=3135"},{"taxonomy":"post_tag","embeddable":true,"href":"https:\/\/www.judokwailausanne.ch\/index.php?rest_route=%2Fwp%2Fv2%2Ftags&post=3135"}],"curies":[{"name":"wp","href":"https:\/\/api.w.org\/{rel}","templated":true}]}}