{"id":3239,"date":"2017-01-27T10:25:12","date_gmt":"2017-01-27T09:25:12","guid":{"rendered":"http:\/\/www.judokwailausanne.ch\/cmsv3\/?p=3239"},"modified":"2018-08-13T23:14:41","modified_gmt":"2018-08-13T21:14:41","slug":"44e-tournoi-national-morges-21-22-janvier-2017-les-photos","status":"publish","type":"post","link":"https:\/\/www.judokwailausanne.ch\/?p=3239","title":{"rendered":"44e Tournoi National Morges- 21-22 janvier 2017 &#8211; les photos"},"content":{"rendered":"<p>[print_gllr id=3232 display=short]<\/p>\n<p>&nbsp;<\/p>\n<p>Bravo \u00e0 nos comp\u00e9titeurs lors de cette manifestation<\/p>\n<p>Le comit\u00e9<\/p>\n<p>&nbsp;<\/p>\n","protected":false},"excerpt":{"rendered":"<p>[print_gllr id=3232 display=short] &nbsp; Bravo \u00e0 nos comp\u00e9titeurs lors de cette manifestation Le comit\u00e9 &nbsp;<\/p>\n","protected":false},"author":4,"featured_media":4759,"comment_status":"open","ping_status":"open","sticky":false,"template":"","format":"standard","meta":{"_et_pb_use_builder":"","_et_pb_old_content":"","_et_gb_content_width":"","footnotes":""},"categories":[63,64,48],"tags":[],"class_list":["post-3239","post","type-post","status-publish","format-standard","has-post-thumbnail","hentry","category-competition","category-individuel","category-judo"],"_links":{"self":[{"href":"https:\/\/www.judokwailausanne.ch\/index.php?rest_route=\/wp\/v2\/posts\/3239","targetHints":{"allow":["GET"]}}],"collection":[{"href":"https:\/\/www.judokwailausanne.ch\/index.php?rest_route=\/wp\/v2\/posts"}],"about":[{"href":"https:\/\/www.judokwailausanne.ch\/index.php?rest_route=\/wp\/v2\/types\/post"}],"author":[{"embeddable":true,"href":"https:\/\/www.judokwailausanne.ch\/index.php?rest_route=\/wp\/v2\/users\/4"}],"replies":[{"embeddable":true,"href":"https:\/\/www.judokwailausanne.ch\/index.php?rest_route=%2Fwp%2Fv2%2Fcomments&post=3239"}],"version-history":[{"count":1,"href":"https:\/\/www.judokwailausanne.ch\/index.php?rest_route=\/wp\/v2\/posts\/3239\/revisions"}],"predecessor-version":[{"id":8951,"href":"https:\/\/www.judokwailausanne.ch\/index.php?rest_route=\/wp\/v2\/posts\/3239\/revisions\/8951"}],"wp:featuredmedia":[{"embeddable":true,"href":"https:\/\/www.judokwailausanne.ch\/index.php?rest_route=\/wp\/v2\/media\/4759"}],"wp:attachment":[{"href":"https:\/\/www.judokwailausanne.ch\/index.php?rest_route=%2Fwp%2Fv2%2Fmedia&parent=3239"}],"wp:term":[{"taxonomy":"category","embeddable":true,"href":"https:\/\/www.judokwailausanne.ch\/index.php?rest_route=%2Fwp%2Fv2%2Fcategories&post=3239"},{"taxonomy":"post_tag","embeddable":true,"href":"https:\/\/www.judokwailausanne.ch\/index.php?rest_route=%2Fwp%2Fv2%2Ftags&post=3239"}],"curies":[{"name":"wp","href":"https:\/\/api.w.org\/{rel}","templated":true}]}}